{"id":44082,"date":"2022-07-31T08:57:00","date_gmt":"2022-07-31T13:57:00","guid":{"rendered":"http:\/\/www.zonaroja.com.mx\/?p=44082"},"modified":"2022-07-31T06:55:52","modified_gmt":"2022-07-31T11:55:52","slug":"encabeza-oaxaca-muertes-por-dengue-con-3-casos-podrian-ser-5","status":"publish","type":"post","link":"https:\/\/zonaroja.com.mx\/?p=44082","title":{"rendered":"Encabeza Oaxaca muertes por dengue con 3 casos; podr\u00edan ser 5"},"content":{"rendered":"\n<p>Redacci\u00f3n\/Zona Roja.<\/p>\n\n\n\n<p>Oaxaca de Ju\u00e1rez, Oax., 31 de julio de 2022.- El estado de Oaxaca encabeza en el pa\u00eds el n\u00famero de personas fallecidas a causa del dengue, con tres registros, de los ocho que se contabilizan en la Rep\u00fablica Mexicana.<\/p>\n\n\n\n<p>El resto de defunciones, ocurrieron en el Estado de M\u00e9xico, Sinaloa, Morelos, Tabasco y Veracruz, de acuerdo con datos de la Secretar\u00eda de Salud federal.<\/p>\n\n\n\n<p>Sin embargo, el n\u00famero de decesos a causa de ese padecimiento provocado a causa del mosco Aedes Aegypti podr\u00eda ascender a cinco, pues en el caso de Oaxaca, a\u00fan se analizan otros dos probables muertes.<\/p>\n\n\n\n<p>Y es que seg\u00fan el Informe Semanal de la Situaci\u00f3n Epidemiol\u00f3gica de Dengue en M\u00e9xico de la Secretar\u00eda de Salud, hasta la semana epidemiol\u00f3gica 29, van 113 probables defunciones en el pa\u00eds, de los cuales 32 a\u00fan est\u00e1n en estudio.<\/p>\n\n\n\n<p>Hasta el momento, los Servicios de Salud de Oaxaca (SSO), que encabeza Virginia S\u00e1nchez Rios, no ha dado a conocer la cifra actual tanto de contagios como de defunciones por dengue, en sus tres variantes.<\/p>\n\n\n\n<p>Apenas hace 15 d\u00edas en Oaxaca se registr\u00f3 un paro de personal sindicalizado del \u00e1rea de Vectores, lo que paraliz\u00f3 las actividades de fumigaci\u00f3n para combatir criaderos del mosco.<\/p>\n\n\n\n<p>Fue el 14 de julio en que inici\u00f3 el paro de labores, que incluy\u00f3 \u201ctoma\u201d de oficinas centrales de los SSO y bloqueo a la calle J. P. Garc\u00eda del centro de la capital; fue retirado el 19 de julio al comprometerse la dependencia estatal a suministrar materiales y equipos para que realizaran sus labores.<\/p>\n","protected":false},"excerpt":{"rendered":"<p>Redacci\u00f3n\/Zona Roja. Oaxaca de Ju\u00e1rez, Oax., 31 de julio de 2022.- El estado de Oaxaca&hellip;<\/p>\n","protected":false},"author":2,"featured_media":7482,"comment_status":"closed","ping_status":"open","sticky":false,"template":"","format":"standard","meta":{"_lmt_disableupdate":"","_lmt_disable":"","_jetpack_memberships_contains_paid_content":false,"footnotes":""},"categories":[109,47],"tags":[1005],"class_list":["post-44082","post","type-post","status-publish","format-standard","has-post-thumbnail","hentry","category-minuto-a-minuto","category-zona-gris","tag-servicios-de-salud-de-oaxaca-sso"],"jetpack_featured_media_url":"https:\/\/zonaroja.com.mx\/wp-content\/uploads\/2020\/01\/Dengue1.jpg","jetpack_sharing_enabled":true,"_links":{"self":[{"href":"https:\/\/zonaroja.com.mx\/index.php?rest_route=\/wp\/v2\/posts\/44082","targetHints":{"allow":["GET"]}}],"collection":[{"href":"https:\/\/zonaroja.com.mx\/index.php?rest_route=\/wp\/v2\/posts"}],"about":[{"href":"https:\/\/zonaroja.com.mx\/index.php?rest_route=\/wp\/v2\/types\/post"}],"author":[{"embeddable":true,"href":"https:\/\/zonaroja.com.mx\/index.php?rest_route=\/wp\/v2\/users\/2"}],"replies":[{"embeddable":true,"href":"https:\/\/zonaroja.com.mx\/index.php?rest_route=%2Fwp%2Fv2%2Fcomments&post=44082"}],"version-history":[{"count":1,"href":"https:\/\/zonaroja.com.mx\/index.php?rest_route=\/wp\/v2\/posts\/44082\/revisions"}],"predecessor-version":[{"id":44083,"href":"https:\/\/zonaroja.com.mx\/index.php?rest_route=\/wp\/v2\/posts\/44082\/revisions\/44083"}],"wp:featuredmedia":[{"embeddable":true,"href":"https:\/\/zonaroja.com.mx\/index.php?rest_route=\/wp\/v2\/media\/7482"}],"wp:attachment":[{"href":"https:\/\/zonaroja.com.mx\/index.php?rest_route=%2Fwp%2Fv2%2Fmedia&parent=44082"}],"wp:term":[{"taxonomy":"category","embeddable":true,"href":"https:\/\/zonaroja.com.mx\/index.php?rest_route=%2Fwp%2Fv2%2Fcategories&post=44082"},{"taxonomy":"post_tag","embeddable":true,"href":"https:\/\/zonaroja.com.mx\/index.php?rest_route=%2Fwp%2Fv2%2Ftags&post=44082"}],"curies":[{"name":"wp","href":"https:\/\/api.w.org\/{rel}","templated":true}]}}