{"id":44089,"date":"2022-07-31T07:30:20","date_gmt":"2022-07-31T12:30:20","guid":{"rendered":"http:\/\/www.zonaroja.com.mx\/?p=44089"},"modified":"2022-07-31T07:30:22","modified_gmt":"2022-07-31T12:30:22","slug":"tiene-oaxaca-pina-de-maguey-mezcalero-de-288-kilogramos","status":"publish","type":"post","link":"https:\/\/zonaroja.com.mx\/?p=44089","title":{"rendered":"Tiene Oaxaca pi\u00f1a de maguey mezcalero de 288 kilogramos"},"content":{"rendered":"\n<p>Redacci\u00f3n\/Zona Roja.<\/p>\n\n\n\n<p>Oaxaca de Ju\u00e1rez, Oax., a 31de julio de 2022.- En el marco del \u201cD\u00eda del Magueyero Oaxaque\u00f1o\u201d que se celebra el tercer viernes de julio, se realiz\u00f3 en la Feria del Mezcal 2022, el concurso \u201cLa pi\u00f1a de maguey m\u00e1s pesada\u201d, para reconocer e incentivar el trabajo de las y los mezcaleros.<\/p>\n\n\n\n<p>Desde temprana hora, los concursantes se dieron cita en la sede de esta feria que se realiza en el Centro Cultural y de Convenciones de Oaxaca. El jurado calificador supervis\u00f3 que cumplieran con las caracter\u00edsticas establecidas en la convocatoria, la cual incluy\u00f3 \u00fanicamente a la variedad espad\u00edn. Se registraron 19 concursantes.<\/p>\n\n\n\n<p>El primer lugar lo obtuvo el maestro Octavio Salvador Mart\u00ednez, originario de San Baltazar Guelavila, cuya pi\u00f1a de espad\u00edn pes\u00f3 288 kilogramos, quien se hizo acreedor a 12 mil pesos; mientras que el segundo y tercer lugar fue para el maestro y la maestra mezcalera de Miahuatl\u00e1n de Porfirio D\u00edaz, Librado Bustamante Bustamante y Fabiola Cruz Mijangos; sus pi\u00f1as pesaron 268 y 245 kilos, siendo acreedores a 8 mil y 5 mil pesos respectivamente.<\/p>\n\n\n\n<p>La ceremonia de premiaci\u00f3n estuvo a cargo del secretario de Econom\u00eda, Juan Pablo Guzm\u00e1n Cobi\u00e1n, quien extern\u00f3 su reconocimiento y felicitaci\u00f3n a los productores.&nbsp;<\/p>\n\n\n\n<p>\u201cEl gobernador Alejandro Murat Hinojosa nos instruy\u00f3 a que cre\u00e1ramos estos espacios propicios para celebrar y reconocer la labor de nuestros productores de mezcal, s\u00edmbolos de la grandeza de Oaxaca\u201d, dijo.<\/p>\n\n\n\n<p>En compa\u00f1\u00eda del titular de la Secretar\u00eda de Desarrollo Agropecuario Pesca y Acuacultura (Sedapa), Gabriel Cu\u00e9 Navarro, destac\u00f3 la importancia de la cadena productiva del maguey \u2013 mezcal, la cual es el sustento de m\u00e1s de 128 mil familias oaxaque\u00f1as.&nbsp;<\/p>\n\n\n\n<p>\u201cLa Secretar\u00eda de Econom\u00eda del Gobierno de Oaxaca es la dependencia encargada de coordinar el concurso \u201cLa pi\u00f1a de maguey m\u00e1s pesada\u201d, como un incentivo para los productores y tambi\u00e9n como un sincero homenaje a su ardua labor\u201d, indic\u00f3.<\/p>\n\n\n\n<p>Adem\u00e1s, la y los ganadores fueron acreedores a la presea \u201cD\u00eda del magueyero\u201d, pieza artesanal elaborada en barro negro por la maestra artesana Elba Le\u00f3n, originaria de San Bartolo Coyotepec, la cual consiste en una penca de agave.<\/p>\n","protected":false},"excerpt":{"rendered":"<p>Redacci\u00f3n\/Zona Roja. Oaxaca de Ju\u00e1rez, Oax., a 31de julio de 2022.- En el marco del&hellip;<\/p>\n","protected":false},"author":2,"featured_media":44090,"comment_status":"closed","ping_status":"open","sticky":false,"template":"","format":"standard","meta":{"_lmt_disableupdate":"","_lmt_disable":"","_jetpack_memberships_contains_paid_content":false,"footnotes":""},"categories":[109,46],"tags":[],"class_list":["post-44089","post","type-post","status-publish","format-standard","has-post-thumbnail","hentry","category-minuto-a-minuto","category-zona-blanca"],"jetpack_featured_media_url":"https:\/\/zonaroja.com.mx\/wp-content\/uploads\/2022\/07\/Pina-maguey-mezcal-Oaxaca.jpg","jetpack_sharing_enabled":true,"_links":{"self":[{"href":"https:\/\/zonaroja.com.mx\/index.php?rest_route=\/wp\/v2\/posts\/44089","targetHints":{"allow":["GET"]}}],"collection":[{"href":"https:\/\/zonaroja.com.mx\/index.php?rest_route=\/wp\/v2\/posts"}],"about":[{"href":"https:\/\/zonaroja.com.mx\/index.php?rest_route=\/wp\/v2\/types\/post"}],"author":[{"embeddable":true,"href":"https:\/\/zonaroja.com.mx\/index.php?rest_route=\/wp\/v2\/users\/2"}],"replies":[{"embeddable":true,"href":"https:\/\/zonaroja.com.mx\/index.php?rest_route=%2Fwp%2Fv2%2Fcomments&post=44089"}],"version-history":[{"count":1,"href":"https:\/\/zonaroja.com.mx\/index.php?rest_route=\/wp\/v2\/posts\/44089\/revisions"}],"predecessor-version":[{"id":44091,"href":"https:\/\/zonaroja.com.mx\/index.php?rest_route=\/wp\/v2\/posts\/44089\/revisions\/44091"}],"wp:featuredmedia":[{"embeddable":true,"href":"https:\/\/zonaroja.com.mx\/index.php?rest_route=\/wp\/v2\/media\/44090"}],"wp:attachment":[{"href":"https:\/\/zonaroja.com.mx\/index.php?rest_route=%2Fwp%2Fv2%2Fmedia&parent=44089"}],"wp:term":[{"taxonomy":"category","embeddable":true,"href":"https:\/\/zonaroja.com.mx\/index.php?rest_route=%2Fwp%2Fv2%2Fcategories&post=44089"},{"taxonomy":"post_tag","embeddable":true,"href":"https:\/\/zonaroja.com.mx\/index.php?rest_route=%2Fwp%2Fv2%2Ftags&post=44089"}],"curies":[{"name":"wp","href":"https:\/\/api.w.org\/{rel}","templated":true}]}}