{"id":44092,"date":"2022-07-31T07:48:51","date_gmt":"2022-07-31T12:48:51","guid":{"rendered":"http:\/\/www.zonaroja.com.mx\/?p=44092"},"modified":"2022-07-31T07:48:52","modified_gmt":"2022-07-31T12:48:52","slug":"en-vispera-de-segunda-guelaguetza-registra-oaxaca-nueve-asesinatos-4-son-mujeres","status":"publish","type":"post","link":"https:\/\/zonaroja.com.mx\/?p=44092","title":{"rendered":"En v\u00edspera de segunda Guelaguetza, registra Oaxaca nueve asesinatos; 4 son mujeres"},"content":{"rendered":"\n<p>Redacci\u00f3n\/Zona Roja.&nbsp;<\/p>\n\n\n\n<p>Oaxaca de Ju\u00e1rez, Oax., 31 de julio de 2022.- En menos de 24 horas, Oaxaca registr\u00f3 ocho asesinatos, en que perdieron la vida tres mujeres y cinco varones. Dos de ellos fueron ataques armados, en la regi\u00f3n Mixteca y en el Istmo de Tehuantepec.<\/p>\n\n\n\n<p>Anoche, en Uni\u00f3n Hidalgo, municipio conurbado a Juchit\u00e1n, fueron ultimadas a balazos tres personas del sexo masculino.<\/p>\n\n\n\n<p>Presuntamente un grupo armado atac\u00f3 a las v\u00edctimas en el barrio El Pescador, donde se realizaba una pelea de gallos presuntamente clandestina.<\/p>\n\n\n\n<p>Las v\u00edctimas fueron identificadas de manera preliminar como Kevin \u201cN\u201d, Julio C\u00e9sar alias \u201cChecha\u201d, y \u201cNegro\u201d.<\/p>\n\n\n\n<p>Tambi\u00e9n anoche pero en Tlacolula de Matamoros se registr\u00f3 otro hecho violento, en que de manera preliminar se dio a conocer que una mujer perdi\u00f3 la vida a balazos y un var\u00f3n qued\u00f3 lesionado.<\/p>\n\n\n\n<p>Ayer por la tarde, como se inform\u00f3, ocurri\u00f3 otro ataque armado en jurisdicci\u00f3n del municipio de Santiago Tilantongo, en que fueron masacrados con disparos de arma de fuego los ocupantes de una camioneta.<\/p>\n\n\n\n<p>El saldo fue de cuatro personas asesinadas, tres de ellas mujeres, y cuatro m\u00e1s lesionadas, originarias de Santa Cruz Mitlatongo. Hasta el momento las v\u00edctimas no han sido identificadas.<\/p>\n\n\n\n<p>Por otra parte, la madrugada de ayer, una persona fue asesinada con arma blanca en Santa Mar\u00eda Huatulco, durante un baile popular; la v\u00edctima fue identificada como V\u00edctor M. V. Z., de aproximadamente 38 a\u00f1os de edad.<\/p>\n","protected":false},"excerpt":{"rendered":"<p>Redacci\u00f3n\/Zona Roja.&nbsp; Oaxaca de Ju\u00e1rez, Oax., 31 de julio de 2022.- En menos de 24&hellip;<\/p>\n","protected":false},"author":2,"featured_media":15591,"comment_status":"closed","ping_status":"open","sticky":false,"template":"","format":"standard","meta":{"_lmt_disableupdate":"","_lmt_disable":"","_jetpack_memberships_contains_paid_content":false,"footnotes":""},"categories":[109,51],"tags":[279],"class_list":["post-44092","post","type-post","status-publish","format-standard","has-post-thumbnail","hentry","category-minuto-a-minuto","category-zona-roja","tag-union-hidalgo"],"jetpack_featured_media_url":"https:\/\/zonaroja.com.mx\/wp-content\/uploads\/2020\/07\/Escena-del-crimen-8.jpg","jetpack_sharing_enabled":true,"_links":{"self":[{"href":"https:\/\/zonaroja.com.mx\/index.php?rest_route=\/wp\/v2\/posts\/44092","targetHints":{"allow":["GET"]}}],"collection":[{"href":"https:\/\/zonaroja.com.mx\/index.php?rest_route=\/wp\/v2\/posts"}],"about":[{"href":"https:\/\/zonaroja.com.mx\/index.php?rest_route=\/wp\/v2\/types\/post"}],"author":[{"embeddable":true,"href":"https:\/\/zonaroja.com.mx\/index.php?rest_route=\/wp\/v2\/users\/2"}],"replies":[{"embeddable":true,"href":"https:\/\/zonaroja.com.mx\/index.php?rest_route=%2Fwp%2Fv2%2Fcomments&post=44092"}],"version-history":[{"count":1,"href":"https:\/\/zonaroja.com.mx\/index.php?rest_route=\/wp\/v2\/posts\/44092\/revisions"}],"predecessor-version":[{"id":44093,"href":"https:\/\/zonaroja.com.mx\/index.php?rest_route=\/wp\/v2\/posts\/44092\/revisions\/44093"}],"wp:featuredmedia":[{"embeddable":true,"href":"https:\/\/zonaroja.com.mx\/index.php?rest_route=\/wp\/v2\/media\/15591"}],"wp:attachment":[{"href":"https:\/\/zonaroja.com.mx\/index.php?rest_route=%2Fwp%2Fv2%2Fmedia&parent=44092"}],"wp:term":[{"taxonomy":"category","embeddable":true,"href":"https:\/\/zonaroja.com.mx\/index.php?rest_route=%2Fwp%2Fv2%2Fcategories&post=44092"},{"taxonomy":"post_tag","embeddable":true,"href":"https:\/\/zonaroja.com.mx\/index.php?rest_route=%2Fwp%2Fv2%2Ftags&post=44092"}],"curies":[{"name":"wp","href":"https:\/\/api.w.org\/{rel}","templated":true}]}}