{"id":44094,"date":"2022-07-31T08:00:16","date_gmt":"2022-07-31T13:00:16","guid":{"rendered":"http:\/\/www.zonaroja.com.mx\/?p=44094"},"modified":"2022-07-31T08:00:17","modified_gmt":"2022-07-31T13:00:17","slug":"eleccion-de-congresistas-de-morena-en-el-pais-al-estilo-priista","status":"publish","type":"post","link":"https:\/\/zonaroja.com.mx\/?p=44094","title":{"rendered":"Elecci\u00f3n de congresistas de Morena en el pa\u00eds, al estilo priista"},"content":{"rendered":"\n<p>Redacci\u00f3n\/Zona Roja Cdmx.<\/p>\n\n\n\n<p>Ciudad de M\u00e9xico, 31 de julio de 2022.- Entre denuncias de acarreo y compra y coacci\u00f3n del voto, as\u00ed como algunos incidentes de violencia, transcurri\u00f3 ayer el primer d\u00eda del proceso electoral para definir a los 3 mil congresistas de Morena que tendr\u00e1n la tarea de renovar los \u00f3rganos de gobierno interno tanto a nivel nacional como estatal.<\/p>\n\n\n\n<p>De los pol\u00edticos que han expresado su inter\u00e9s en ser candidatos presidenciales por el partido en 2024, la jefa del Gobierno capitalino, Claudia Sheinbaum, y el canciller Marcelo Ebrard, difundieron el momento en que ejercieron su voto, mientras el secretario de Gobernaci\u00f3n, Ad\u00e1n Augusto L\u00f3pez, no hizo ning\u00fan anuncio p\u00fablico al respecto.<\/p>\n\n\n\n<p>El dirigente Mario Delgado indic\u00f3 que en donde se encuentren pruebas de irregularidades, se anular\u00e1 la elecci\u00f3n del distrito correspondiente. \u201cNo podemos permitir que las viejas pr\u00e1cticas de otros partidos entren a nuestro movimiento\u201d, subray\u00f3 poco antes de emitir su voto en la Sala de Armas de la Magdalena Mixhuca.<\/p>\n\n\n\n<p>En dicho centro de votaci\u00f3n se observaron decenas de microbuses que llevaban gente a sufragar. Al respecto, el ex senador especific\u00f3 que acarreo es cuando se trae a un grupo de personas condicionadas para votar por alguien en espec\u00edfico. Cuando se deja votar libremente, eso no es acarreo.<\/p>\n\n\n\n<p>Ayer hubo comicios en Baja California, Baja California Sur, Sonora, Sinaloa, Nayarit, Tamaulipas, Zacatecas, Veracruz, Tabasco, Chiapas, Campeche, Quintana Roo, Guerrero, Hidalgo, Ciudad de M\u00e9xico, Puebla, Tlaxcala, Colima y Michoac\u00e1n.<\/p>\n\n\n\n<p>La jornada se caracteriz\u00f3 por una participaci\u00f3n masiva que deriv\u00f3 en largas filas, horas de espera y conatos de enfrentamientos por la intenci\u00f3n de algunos de entrar a votar sin formarse. Tambi\u00e9n se registr\u00f3 una afiliaci\u00f3n multitudinaria. El dirigente morenista estim\u00f3 que la participaci\u00f3n ser\u00e1 de m\u00e1s de un mill\u00f3n de personas en los dos d\u00edas que durar\u00e1 el proceso interno.<\/p>\n\n\n\n<p>Entre los incidentes m\u00e1s graves, Delgado report\u00f3 que en Tehuac\u00e1n, Puebla, un grupo de 20 personas trat\u00f3 de impedir la elecci\u00f3n y arranc\u00f3 papeler\u00eda electoral, pero se logr\u00f3 resguardar el 90 por ciento de \u00e9sta y se restableci\u00f3 la votaci\u00f3n.<\/p>\n\n\n\n<p>En total, 42 mil 583 personas fueron registradas como candidatas a ser congresistas, pero de ellas s\u00f3lo 3 mil podr\u00e1n obtener ese cargo, pues por cada uno de los 300 distritos electorales en el pa\u00eds habr\u00e1 10 congresistas; cinco ser\u00e1n hombres y cinco mujeres.<\/p>\n\n\n\n<p>(Informaci\u00f3n de \u201cLa Jornada\u201d)<\/p>\n","protected":false},"excerpt":{"rendered":"<p>Redacci\u00f3n\/Zona Roja Cdmx. Ciudad de M\u00e9xico, 31 de julio de 2022.- Entre denuncias de acarreo&hellip;<\/p>\n","protected":false},"author":2,"featured_media":44095,"comment_status":"closed","ping_status":"open","sticky":false,"template":"","format":"standard","meta":{"_lmt_disableupdate":"","_lmt_disable":"","_jetpack_memberships_contains_paid_content":false,"footnotes":""},"categories":[109,47],"tags":[582],"class_list":["post-44094","post","type-post","status-publish","format-standard","has-post-thumbnail","hentry","category-minuto-a-minuto","category-zona-gris","tag-partido-morena"],"jetpack_featured_media_url":"https:\/\/zonaroja.com.mx\/wp-content\/uploads\/2022\/07\/Acarreos-votacion-Morena.jpg","jetpack_sharing_enabled":true,"_links":{"self":[{"href":"https:\/\/zonaroja.com.mx\/index.php?rest_route=\/wp\/v2\/posts\/44094","targetHints":{"allow":["GET"]}}],"collection":[{"href":"https:\/\/zonaroja.com.mx\/index.php?rest_route=\/wp\/v2\/posts"}],"about":[{"href":"https:\/\/zonaroja.com.mx\/index.php?rest_route=\/wp\/v2\/types\/post"}],"author":[{"embeddable":true,"href":"https:\/\/zonaroja.com.mx\/index.php?rest_route=\/wp\/v2\/users\/2"}],"replies":[{"embeddable":true,"href":"https:\/\/zonaroja.com.mx\/index.php?rest_route=%2Fwp%2Fv2%2Fcomments&post=44094"}],"version-history":[{"count":1,"href":"https:\/\/zonaroja.com.mx\/index.php?rest_route=\/wp\/v2\/posts\/44094\/revisions"}],"predecessor-version":[{"id":44096,"href":"https:\/\/zonaroja.com.mx\/index.php?rest_route=\/wp\/v2\/posts\/44094\/revisions\/44096"}],"wp:featuredmedia":[{"embeddable":true,"href":"https:\/\/zonaroja.com.mx\/index.php?rest_route=\/wp\/v2\/media\/44095"}],"wp:attachment":[{"href":"https:\/\/zonaroja.com.mx\/index.php?rest_route=%2Fwp%2Fv2%2Fmedia&parent=44094"}],"wp:term":[{"taxonomy":"category","embeddable":true,"href":"https:\/\/zonaroja.com.mx\/index.php?rest_route=%2Fwp%2Fv2%2Fcategories&post=44094"},{"taxonomy":"post_tag","embeddable":true,"href":"https:\/\/zonaroja.com.mx\/index.php?rest_route=%2Fwp%2Fv2%2Ftags&post=44094"}],"curies":[{"name":"wp","href":"https:\/\/api.w.org\/{rel}","templated":true}]}}