{"id":44109,"date":"2022-08-01T10:59:00","date_gmt":"2022-08-01T15:59:00","guid":{"rendered":"http:\/\/www.zonaroja.com.mx\/?p=44109"},"modified":"2022-08-01T06:22:30","modified_gmt":"2022-08-01T11:22:30","slug":"acelero-la-tierra-su-rotacion-y-lo-hizo-en-menos-de-24-horas","status":"publish","type":"post","link":"https:\/\/zonaroja.com.mx\/?p=44109","title":{"rendered":"Aceler\u00f3 la Tierra su rotaci\u00f3n y lo hizo en menos de 24 horas"},"content":{"rendered":"\n<p>Redacci\u00f3n\/Zona Roja Cdmx.<\/p>\n\n\n\n<p>Ciudad de M\u00e9xico, 1 de agosto de 2022.- La Tierra marc\u00f3 un nuevo r\u00e9cord el pasado 29 de julio al completar su movimiento de rotaci\u00f3n en 1.59 milisegundos menos que su vuelta&nbsp;est\u00e1ndar de 24 horas, reportaron cient\u00edficos.&nbsp;&nbsp;&nbsp;<\/p>\n\n\n\n<p>Esto significa que nuestro planeta registr\u00f3 su d\u00eda m\u00e1s corto desde que existen estas mediciones&nbsp;debido a que recientemente ha ido aumentando su velocidad, seg\u00fan el reporte.&nbsp;<\/p>\n\n\n\n<p>La causa de los cambios de velocidad en la rotaci\u00f3n de la Tierra a\u00fan se desconoce,&nbsp;pero los investigadores estiman que esto podr\u00eda deberse a diversos factores como variaciones en los procesos del n\u00facleo, oc\u00e9anos, mareas o incluso alteraciones en el clima.&nbsp;<\/p>\n\n\n\n<p>Otros expertos tambi\u00e9n sugieren que esto podr\u00eda estar relacionado con el movimiento de los polos geogr\u00e1ficos del planeta a trav\u00e9s de su superficie, conocido como el&nbsp;\u00abbamboleo de Chandler\u00bb.&nbsp;<\/p>\n\n\n\n<p>Si la Tierra contin\u00faa girando a un ritmo creciente, podr\u00eda llevar a la introducci\u00f3n de \u201csegundos intercalares\u201d negativos, en un intento por mantener la velocidad a la que el planeta orbita alrededor del Sol en sincron\u00eda con la medici\u00f3n de los relojes at\u00f3micos.&nbsp;&nbsp; &nbsp;<\/p>\n\n\n\n<p>Sin embargo, el \u201csegundo intercalar\u201d negativo tendr\u00eda consecuencias potencialmente confusas para los tel\u00e9fonos inteligentes, las computadoras y los sistemas de comunicaci\u00f3n.&nbsp;&nbsp;<\/p>\n\n\n\n<p>Esto se debe a que el reloj avanza de 23:59:59 a 23:59:60 antes de restablecerse a las 00:00:00.&nbsp;&nbsp;<\/p>\n\n\n\n<p>Un salto de tiempo como este puede, por lo tanto, bloquear programas y da\u00f1ar datos debido a las marcas de tiempo en el almacenamiento de datos.&nbsp;<\/p>\n\n\n\n<p>De acuerdo con las proyecciones de los expertos, si ocurre un \u00absegundo intercalar\u00bb negativo, el reloj cambiar\u00e1 de 23:59:58 a 00:00:00, y esto podr\u00eda tener un \u00abefecto devastador\u00bb en el software que depende de los temporizadores y programadores.&nbsp;&nbsp;<\/p>\n\n\n\n<p>Para resolver esto, es posible que los cronometradores internacionales deban agregar un \u00absegundo intercalar\u00bb negativo: un segundo \u00abdescendente\u00bb.&nbsp;<\/p>\n\n\n\n<p>En particular, el tiempo universal coordinado (UTC), el est\u00e1ndar por el cual el mundo regula los relojes y el tiempo, ya se ha actualizado con un \u00absegundo intercalar\u00bb 27 veces.&nbsp;<\/p>\n\n\n\n<p>(Informaci\u00f3n de \u201cExc\u00e9lsior\u201d)<\/p>\n","protected":false},"excerpt":{"rendered":"<p>Redacci\u00f3n\/Zona Roja Cdmx. Ciudad de M\u00e9xico, 1 de agosto de 2022.- La Tierra marc\u00f3 un&hellip;<\/p>\n","protected":false},"author":2,"featured_media":44110,"comment_status":"closed","ping_status":"open","sticky":false,"template":"","format":"standard","meta":{"_lmt_disableupdate":"","_lmt_disable":"","_jetpack_memberships_contains_paid_content":false,"footnotes":""},"categories":[109,47],"tags":[],"class_list":["post-44109","post","type-post","status-publish","format-standard","has-post-thumbnail","hentry","category-minuto-a-minuto","category-zona-gris"],"jetpack_featured_media_url":"https:\/\/zonaroja.com.mx\/wp-content\/uploads\/2022\/08\/Planeta-Tierra.jpeg","jetpack_sharing_enabled":true,"_links":{"self":[{"href":"https:\/\/zonaroja.com.mx\/index.php?rest_route=\/wp\/v2\/posts\/44109","targetHints":{"allow":["GET"]}}],"collection":[{"href":"https:\/\/zonaroja.com.mx\/index.php?rest_route=\/wp\/v2\/posts"}],"about":[{"href":"https:\/\/zonaroja.com.mx\/index.php?rest_route=\/wp\/v2\/types\/post"}],"author":[{"embeddable":true,"href":"https:\/\/zonaroja.com.mx\/index.php?rest_route=\/wp\/v2\/users\/2"}],"replies":[{"embeddable":true,"href":"https:\/\/zonaroja.com.mx\/index.php?rest_route=%2Fwp%2Fv2%2Fcomments&post=44109"}],"version-history":[{"count":1,"href":"https:\/\/zonaroja.com.mx\/index.php?rest_route=\/wp\/v2\/posts\/44109\/revisions"}],"predecessor-version":[{"id":44111,"href":"https:\/\/zonaroja.com.mx\/index.php?rest_route=\/wp\/v2\/posts\/44109\/revisions\/44111"}],"wp:featuredmedia":[{"embeddable":true,"href":"https:\/\/zonaroja.com.mx\/index.php?rest_route=\/wp\/v2\/media\/44110"}],"wp:attachment":[{"href":"https:\/\/zonaroja.com.mx\/index.php?rest_route=%2Fwp%2Fv2%2Fmedia&parent=44109"}],"wp:term":[{"taxonomy":"category","embeddable":true,"href":"https:\/\/zonaroja.com.mx\/index.php?rest_route=%2Fwp%2Fv2%2Fcategories&post=44109"},{"taxonomy":"post_tag","embeddable":true,"href":"https:\/\/zonaroja.com.mx\/index.php?rest_route=%2Fwp%2Fv2%2Ftags&post=44109"}],"curies":[{"name":"wp","href":"https:\/\/api.w.org\/{rel}","templated":true}]}}