{"id":44112,"date":"2022-08-01T06:32:31","date_gmt":"2022-08-01T11:32:31","guid":{"rendered":"http:\/\/www.zonaroja.com.mx\/?p=44112"},"modified":"2022-08-01T06:32:32","modified_gmt":"2022-08-01T11:32:32","slug":"rescata-policia-estatal-de-la-sspo-a-88-migrantes-en-la-ciudad-de-oaxaca","status":"publish","type":"post","link":"https:\/\/zonaroja.com.mx\/?p=44112","title":{"rendered":"Rescata Polic\u00eda Estatal de la SSPO a 88 migrantes en la ciudad de Oaxaca"},"content":{"rendered":"\n<p>Redacci\u00f3n\/Zona Roja.<\/p>\n\n\n\n<p>Oaxaca de Ju\u00e1rez, Oax., 1 de agosto de 2022.- Durante la tarde de ayer domingo, elementos de la Polic\u00eda Estatal detuvieron un cami\u00f3n tipo torton, con placas de circulaci\u00f3n del Estado de M\u00e9xico, el cual conten\u00eda en su interior 79 adultos y nueve ni\u00f1os.&nbsp;<\/p>\n\n\n\n<p>El veh\u00edculo fue detectado en la agencia de Cinco Se\u00f1ores de la capital oaxaque\u00f1a y los uniformados, dependientes de la Secretar\u00eda de Seguridad P\u00fablica de Oaxaca (SSPO) le dieron alcance a la altura de la avenida S\u00edmbolos Patrios y Perif\u00e9rico en capital.&nbsp;<\/p>\n\n\n\n<p>Se presume que los indocumentados provienen de pa\u00edses como Guatemala, Honduras, Ecuador, Venezuela, Nicaragua, Cuba y El Salvador.&nbsp;<\/p>\n\n\n\n<p>Al momento se dio a conocer que fueron asegurados el veh\u00edculo automotor y el conductor de iniciales M.A.R, presuntamente originario del estado de Puebla. Tras la recuperaci\u00f3n, fueron puestos a disposici\u00f3n del Instituto Nacional de Migraci\u00f3n.<\/p>\n","protected":false},"excerpt":{"rendered":"<p>Redacci\u00f3n\/Zona Roja. Oaxaca de Ju\u00e1rez, Oax., 1 de agosto de 2022.- Durante la tarde de&hellip;<\/p>\n","protected":false},"author":2,"featured_media":44113,"comment_status":"closed","ping_status":"open","sticky":false,"template":"","format":"standard","meta":{"_lmt_disableupdate":"","_lmt_disable":"","_jetpack_memberships_contains_paid_content":false,"footnotes":""},"categories":[109,46],"tags":[1421],"class_list":["post-44112","post","type-post","status-publish","format-standard","has-post-thumbnail","hentry","category-minuto-a-minuto","category-zona-blanca","tag-secretaria-de-seguridad-publica-de-oaxaca-sspo"],"jetpack_featured_media_url":"https:\/\/zonaroja.com.mx\/wp-content\/uploads\/2022\/08\/Migrantes-asegurados-SSPO-ciudad-de-Oaxaca.jpg","jetpack_sharing_enabled":true,"_links":{"self":[{"href":"https:\/\/zonaroja.com.mx\/index.php?rest_route=\/wp\/v2\/posts\/44112","targetHints":{"allow":["GET"]}}],"collection":[{"href":"https:\/\/zonaroja.com.mx\/index.php?rest_route=\/wp\/v2\/posts"}],"about":[{"href":"https:\/\/zonaroja.com.mx\/index.php?rest_route=\/wp\/v2\/types\/post"}],"author":[{"embeddable":true,"href":"https:\/\/zonaroja.com.mx\/index.php?rest_route=\/wp\/v2\/users\/2"}],"replies":[{"embeddable":true,"href":"https:\/\/zonaroja.com.mx\/index.php?rest_route=%2Fwp%2Fv2%2Fcomments&post=44112"}],"version-history":[{"count":1,"href":"https:\/\/zonaroja.com.mx\/index.php?rest_route=\/wp\/v2\/posts\/44112\/revisions"}],"predecessor-version":[{"id":44114,"href":"https:\/\/zonaroja.com.mx\/index.php?rest_route=\/wp\/v2\/posts\/44112\/revisions\/44114"}],"wp:featuredmedia":[{"embeddable":true,"href":"https:\/\/zonaroja.com.mx\/index.php?rest_route=\/wp\/v2\/media\/44113"}],"wp:attachment":[{"href":"https:\/\/zonaroja.com.mx\/index.php?rest_route=%2Fwp%2Fv2%2Fmedia&parent=44112"}],"wp:term":[{"taxonomy":"category","embeddable":true,"href":"https:\/\/zonaroja.com.mx\/index.php?rest_route=%2Fwp%2Fv2%2Fcategories&post=44112"},{"taxonomy":"post_tag","embeddable":true,"href":"https:\/\/zonaroja.com.mx\/index.php?rest_route=%2Fwp%2Fv2%2Ftags&post=44112"}],"curies":[{"name":"wp","href":"https:\/\/api.w.org\/{rel}","templated":true}]}}