{"id":44118,"date":"2022-08-01T06:47:28","date_gmt":"2022-08-01T11:47:28","guid":{"rendered":"http:\/\/www.zonaroja.com.mx\/?p=44118"},"modified":"2022-08-01T06:47:29","modified_gmt":"2022-08-01T11:47:29","slug":"en-ultima-semana-oaxaca-registro-483-contagios-y-2-decesos-por-covid-al-dia","status":"publish","type":"post","link":"https:\/\/zonaroja.com.mx\/?p=44118","title":{"rendered":"En \u00faltima semana, Oaxaca registr\u00f3 483 contagios y 2 decesos por Covid al d\u00eda"},"content":{"rendered":"\n<p>Redacci\u00f3n\/Zona Roja.<\/p>\n\n\n\n<p>Oaxaca de Ju\u00e1rez, Oax., a 1 de agosto de 2022.- La dependencia estatal Servicios de Salud de Oaxaca (SSO), inform\u00f3 que del per\u00edodo comprendido del 24 al 30 de julio, la entidad registr\u00f3 un acumulado de 139 mil 501 casos confirmados del virus SARS-CoV-2, de los cuales, tres mil 385 se contabilizaron en estos \u00faltimos siete d\u00edas.<\/p>\n\n\n\n<p>En el resumen semanal de la situaci\u00f3n epidemiol\u00f3gica actual de la pandemia por Covid-19, detall\u00f3 que el global de defunciones desde el inicio de la pandemia a la fecha es de seis mil 269.<\/p>\n\n\n\n<p>En tanto, en el per\u00edodo que se informa se notificaron 14 lamentables decesos a causa de esta patolog\u00eda respiratoria y el promedio de ocupaci\u00f3n hospitalaria fue de 21.5%.<\/p>\n\n\n\n<p>Las anteriores cifras representan un promedio de 483.5 contagios y dos decesos cada 24 horas.<\/p>\n\n\n\n<p>En un comunicado, la dependencia dijo que es fundamental seguir con las medidas sanitarias vigentes, como el uso correcto del cubrebocas, el lavado de manos frecuente con agua y jab\u00f3n o soluciones alcoholadas al 70 por ciento, mantener la sana distancia, as\u00ed como priorizar lugares abiertos y con buena ventilaci\u00f3n.<\/p>\n\n\n\n<p>Exhort\u00f3 a continuar la protecci\u00f3n personal y acudir a vacunarse cuando corresponda, de acuerdo con los grupos de edad, as\u00ed como a priorizar salud y la de la de la familia, pues evitar los contagios es tarea de todas y todos.<\/p>\n\n\n\n<figure class=\"wp-block-embed is-type-rich is-provider-twitter wp-block-embed-twitter\"><div class=\"wp-block-embed__wrapper\">\n<div class=\"twitter-tweet\"><blockquote class=\"twitter-tweet\" data-lang=\"es\"><p lang=\"es\" dir=\"ltr\"><a href=\"https:\/\/twitter.com\/hashtag\/%C3%9AltimoMinuto?src=hash&amp;ref_src=twsrc%5Etfw\">#\u00daltimoMinuto<\/a> <br>A\u00fan son altos los registros de Covid-19 en <a href=\"https:\/\/twitter.com\/hashtag\/Oaxaca?src=hash&amp;ref_src=twsrc%5Etfw\">#Oaxaca<\/a>. <br>Hoy los <a href=\"https:\/\/twitter.com\/SSO_GobOax?ref_src=twsrc%5Etfw\">@SSO_GobOax<\/a> reportaron 3 mil 385 contagios y 14 decesos ocurridos en la \u00faltima semana. <br>Hay 4 mil 076 casos activos; 8 nosocomios saturados; ocupaci\u00f3n hospitalaria al 21.5%: <a href=\"https:\/\/t.co\/pyJJvCRF0M\">pic.twitter.com\/pyJJvCRF0M<\/a><\/p>&mdash; Zona Roja Oaxaca (@ZonaRoja_Oaxaca) <a href=\"https:\/\/twitter.com\/ZonaRoja_Oaxaca\/status\/1553898519567769600?ref_src=twsrc%5Etfw\">1 de agosto de 2022<\/a><\/blockquote><\/div>\n<\/div><\/figure>\n","protected":false},"excerpt":{"rendered":"<p>Redacci\u00f3n\/Zona Roja. Oaxaca de Ju\u00e1rez, Oax., a 1 de agosto de 2022.- La dependencia estatal&hellip;<\/p>\n","protected":false},"author":2,"featured_media":44119,"comment_status":"closed","ping_status":"open","sticky":false,"template":"","format":"standard","meta":{"_lmt_disableupdate":"","_lmt_disable":"","_jetpack_memberships_contains_paid_content":false,"footnotes":""},"categories":[109,47],"tags":[1512],"class_list":["post-44118","post","type-post","status-publish","format-standard","has-post-thumbnail","hentry","category-minuto-a-minuto","category-zona-gris","tag-coronavirus-oaxaca"],"jetpack_featured_media_url":"https:\/\/zonaroja.com.mx\/wp-content\/uploads\/2022\/08\/Ciudad-de-Oaxaca-Covid-coronavirus-cubreboca.jpg","jetpack_sharing_enabled":true,"_links":{"self":[{"href":"https:\/\/zonaroja.com.mx\/index.php?rest_route=\/wp\/v2\/posts\/44118","targetHints":{"allow":["GET"]}}],"collection":[{"href":"https:\/\/zonaroja.com.mx\/index.php?rest_route=\/wp\/v2\/posts"}],"about":[{"href":"https:\/\/zonaroja.com.mx\/index.php?rest_route=\/wp\/v2\/types\/post"}],"author":[{"embeddable":true,"href":"https:\/\/zonaroja.com.mx\/index.php?rest_route=\/wp\/v2\/users\/2"}],"replies":[{"embeddable":true,"href":"https:\/\/zonaroja.com.mx\/index.php?rest_route=%2Fwp%2Fv2%2Fcomments&post=44118"}],"version-history":[{"count":1,"href":"https:\/\/zonaroja.com.mx\/index.php?rest_route=\/wp\/v2\/posts\/44118\/revisions"}],"predecessor-version":[{"id":44120,"href":"https:\/\/zonaroja.com.mx\/index.php?rest_route=\/wp\/v2\/posts\/44118\/revisions\/44120"}],"wp:featuredmedia":[{"embeddable":true,"href":"https:\/\/zonaroja.com.mx\/index.php?rest_route=\/wp\/v2\/media\/44119"}],"wp:attachment":[{"href":"https:\/\/zonaroja.com.mx\/index.php?rest_route=%2Fwp%2Fv2%2Fmedia&parent=44118"}],"wp:term":[{"taxonomy":"category","embeddable":true,"href":"https:\/\/zonaroja.com.mx\/index.php?rest_route=%2Fwp%2Fv2%2Fcategories&post=44118"},{"taxonomy":"post_tag","embeddable":true,"href":"https:\/\/zonaroja.com.mx\/index.php?rest_route=%2Fwp%2Fv2%2Ftags&post=44118"}],"curies":[{"name":"wp","href":"https:\/\/api.w.org\/{rel}","templated":true}]}}