{"id":44128,"date":"2022-08-01T14:27:35","date_gmt":"2022-08-01T19:27:35","guid":{"rendered":"http:\/\/www.zonaroja.com.mx\/?p=44128"},"modified":"2022-08-01T14:27:39","modified_gmt":"2022-08-01T19:27:39","slug":"se-burla-segob-de-autoridades-oaxaquenas-e-inician-planton-en-cdmx","status":"publish","type":"post","link":"https:\/\/zonaroja.com.mx\/?p=44128","title":{"rendered":"Se burla Segob de autoridades oaxaque\u00f1as e inician plant\u00f3n en Cdmx"},"content":{"rendered":"\n<p>Yuridiana Sosa\/Zona Roja.<\/p>\n\n\n\n<p>Oaxaca de Ju\u00e1rez, Oax., a 1 de agosto de 2022.- A casi seis meses de incumplimiento por parte de la Secretar\u00eda de Gobernaci\u00f3n (Segob) con autoridades de San Sebasti\u00e1n Nopalera, de dar fin un conflicto agrario con Zimatl\u00e1n de L\u00e1zaro C\u00e1rdenas, las autoridades municipales y agrarias instalaron un plant\u00f3n frente a la dependencia en la Ciudad de M\u00e9xico.<\/p>\n\n\n\n<p>Encabezadas por el Comisariado de Bienes Ejidales, Agust\u00edn Bautista S\u00e1nchez y el agente municipal, Gervasio Garc\u00eda Cruz, protestan de ese modo como medida de presi\u00f3n para que el titular de la Segob, Ad\u00e1n Augusto L\u00f3pez Hern\u00e1ndez, los reciba y convoque a autoridades del gobierno de Oaxaca a una reuni\u00f3n de trabajo con car\u00e1cter resolutivo.<\/p>\n\n\n\n<p>Los inconformes explicaron que L\u00f3pez Hern\u00e1ndez se comprometi\u00f3 en febrero a que tras el brecheo que realizaran&nbsp;las comunidades para dividir de manera definitiva el territorio de San Sebasti\u00e1n Nopalera, del municipio de Santa Luc\u00eda Monteverde, y a la localidad de Zimatl\u00e1n de L\u00e1zaro C\u00e1rdenas, de Putla Villa de Guerrero, en la Sierra Sur, instalar\u00eda una mesa de trabajo junto con el gobierno de Oaxaca para atender demandas sociales, de servicios y de justicia.<\/p>\n\n\n\n<p>El brecheo se realiz\u00f3 a inicios de marzo, en muestra de la voluntad de las comunidades para establecer acuerdos, pues este conflicto de tierras por 12 a\u00f1os ha dejado como saldo m\u00e1s de 30 muertos, algunos ante ataques armados, al menos una docena de desaparecidos, cientos de heridos, as\u00ed como mujeres viudas y hu\u00e9rfanos.<\/p>\n\n\n\n<p>Ante la falta de atenci\u00f3n de la Segob, las autoridades auxiliares de Sebasti\u00e1n Nopalera iniciaron acciones de protesta el pasado 31 de mayo, con un plant\u00f3n tambi\u00e9n afuera de dichas instalaciones.<\/p>\n\n\n\n<p>Tras eso, Ad\u00e1n Augusto L\u00f3pez los atendi\u00f3 y se comprometi\u00f3 a recibirlos el 16 de junio, pero no se cumpli\u00f3, y la cita las han pospuesto sin que les indiquen una fecha precisa, pues \u201cla agenda \u2013del Segob- no se los permite\u201d.<\/p>\n\n\n\n<p>Sobre este conflicto, existen medidas cautelares de la Comisi\u00f3n Interamericana de Derechos Humanos (CIDH), pero denunciaron que son las propias comunidades las que han caminado juntos para encontrar la paz.<\/p>\n\n\n\n<p>Mientras que los gobiernos estatal y federal han mostrado desinter\u00e9s e insensibilidad para solucionar de forma pac\u00edfica y definitiva el l\u00edo.&nbsp;<\/p>\n","protected":false},"excerpt":{"rendered":"<p>Yuridiana Sosa\/Zona Roja. Oaxaca de Ju\u00e1rez, Oax., a 1 de agosto de 2022.- A casi&hellip;<\/p>\n","protected":false},"author":2,"featured_media":44129,"comment_status":"closed","ping_status":"open","sticky":false,"template":"","format":"standard","meta":{"_lmt_disableupdate":"","_lmt_disable":"","_jetpack_memberships_contains_paid_content":false,"footnotes":""},"categories":[109,47],"tags":[2897],"class_list":["post-44128","post","type-post","status-publish","format-standard","has-post-thumbnail","hentry","category-minuto-a-minuto","category-zona-gris","tag-san-sebastian-nopalera"],"jetpack_featured_media_url":"https:\/\/zonaroja.com.mx\/wp-content\/uploads\/2022\/08\/Protesta-Nopalera-en-Gobernacion.jpg","jetpack_sharing_enabled":true,"_links":{"self":[{"href":"https:\/\/zonaroja.com.mx\/index.php?rest_route=\/wp\/v2\/posts\/44128","targetHints":{"allow":["GET"]}}],"collection":[{"href":"https:\/\/zonaroja.com.mx\/index.php?rest_route=\/wp\/v2\/posts"}],"about":[{"href":"https:\/\/zonaroja.com.mx\/index.php?rest_route=\/wp\/v2\/types\/post"}],"author":[{"embeddable":true,"href":"https:\/\/zonaroja.com.mx\/index.php?rest_route=\/wp\/v2\/users\/2"}],"replies":[{"embeddable":true,"href":"https:\/\/zonaroja.com.mx\/index.php?rest_route=%2Fwp%2Fv2%2Fcomments&post=44128"}],"version-history":[{"count":1,"href":"https:\/\/zonaroja.com.mx\/index.php?rest_route=\/wp\/v2\/posts\/44128\/revisions"}],"predecessor-version":[{"id":44130,"href":"https:\/\/zonaroja.com.mx\/index.php?rest_route=\/wp\/v2\/posts\/44128\/revisions\/44130"}],"wp:featuredmedia":[{"embeddable":true,"href":"https:\/\/zonaroja.com.mx\/index.php?rest_route=\/wp\/v2\/media\/44129"}],"wp:attachment":[{"href":"https:\/\/zonaroja.com.mx\/index.php?rest_route=%2Fwp%2Fv2%2Fmedia&parent=44128"}],"wp:term":[{"taxonomy":"category","embeddable":true,"href":"https:\/\/zonaroja.com.mx\/index.php?rest_route=%2Fwp%2Fv2%2Fcategories&post=44128"},{"taxonomy":"post_tag","embeddable":true,"href":"https:\/\/zonaroja.com.mx\/index.php?rest_route=%2Fwp%2Fv2%2Ftags&post=44128"}],"curies":[{"name":"wp","href":"https:\/\/api.w.org\/{rel}","templated":true}]}}