{"id":44138,"date":"2022-08-01T20:55:55","date_gmt":"2022-08-02T01:55:55","guid":{"rendered":"http:\/\/www.zonaroja.com.mx\/?p=44138"},"modified":"2022-08-01T20:55:56","modified_gmt":"2022-08-02T01:55:56","slug":"regreso-de-guelaguetza-tras-pandemia-entre-acarreos-protestas-y-reclamos","status":"publish","type":"post","link":"https:\/\/zonaroja.com.mx\/?p=44138","title":{"rendered":"Regreso de Guelaguetza tras pandemia: entre acarreos, protestas y reclamos"},"content":{"rendered":"\n<p>Yuridiana Sosa\/Zona Roja.<\/p>\n\n\n\n<p>Oaxaca de Ju\u00e1rez, Oax., 1 de agosto de 2022.- \u201c\u00a1Tenemos lugares y nos dejaron fuera! \u00a1No nos dejan pasar! \u00a1Que nos abran, que nos abran, que nos abran!\u201d.<\/p>\n\n\n\n<p>Los gritos, de cientos, en la segunda edici\u00f3n del Lunes del Cerro. Hombres y mujeres, familias enteras, con boleto en mano, no los dejaron pasar, pese a tener derecho.<\/p>\n\n\n\n<p>As\u00ed cerraron las cuatro presentaciones de la Guelaguetza, que se reanud\u00f3 en Oaxaca tras dos a\u00f1os de pandemia. Pero en pr\u00e1cticamente todas las ocasiones hubo m\u00faltiples irregularidades y quejas.<\/p>\n\n\n\n<p>Las fiestas organizadas por el Gobierno del Estado, a trav\u00e9s de las secretar\u00edas de Turismo y de Cultura, estuvieron marcadas por una serie de problemas de log\u00edstica y protestas, varias de estas contra los casi 670 feminicidios durante la administraci\u00f3n actual.<\/p>\n\n\n\n<p>De principio a fin se presentaron eventos que rodearon la tensa calma se siempre se mantuvo; la desorganizaci\u00f3n fue visible desde la venta de boletos para las presentaciones de las delegaciones en el auditorio Guelaguetza -generaron inconformidad en oaxaque\u00f1os y turistas- hasta el acarreo de asistentes.<\/p>\n\n\n\n<figure class=\"wp-block-embed is-type-rich is-provider-twitter wp-block-embed-twitter\"><div class=\"wp-block-embed__wrapper\">\n<div class=\"twitter-tweet\"><blockquote class=\"twitter-tweet\" data-lang=\"es\"><p lang=\"es\" dir=\"ltr\"><a href=\"https:\/\/twitter.com\/hashtag\/%C3%9AltimoMinuto?src=hash&amp;ref_src=twsrc%5Etfw\">#\u00daltimoMinuto<\/a><br>Con m\u00faltiples irregularidades inici\u00f3 y termin\u00f3 el Lunes del Cerro de <a href=\"https:\/\/twitter.com\/hashtag\/Guelaguetza2022?src=hash&amp;ref_src=twsrc%5Etfw\">#Guelaguetza2022<\/a> en Oaxaca, en sus cuatro ediciones.<br>Esta tarde y por desorganizaci\u00f3n de la <a href=\"https:\/\/twitter.com\/SECTUR_GobOax?ref_src=twsrc%5Etfw\">@SECTUR_GobOax<\/a> que preside <a href=\"https:\/\/twitter.com\/JuanCRiveraC?ref_src=twsrc%5Etfw\">@JuanCRiveraC<\/a>, cientos de personas con boleto se quedaron fuera del auditorio. <a href=\"https:\/\/t.co\/WgPbpDAyL9\">pic.twitter.com\/WgPbpDAyL9<\/a><\/p>&mdash; Zona Roja Oaxaca (@ZonaRoja_Oaxaca) <a href=\"https:\/\/twitter.com\/ZonaRoja_Oaxaca\/status\/1554279847102484480?ref_src=twsrc%5Etfw\">2 de agosto de 2022<\/a><\/blockquote><\/div>\n<\/div><\/figure>\n\n\n\n<p>ACARREADOS Y REVENTA<\/p>\n\n\n\n<p>Esta ma\u00f1ana, para evitar secciones vac\u00edas en el auditorio, como ocurri\u00f3 durante el arranque de la primera presentaci\u00f3n del primer Lunes del Cerro, el cual se llen\u00f3 cerca del mediod\u00eda, en la octava se registr\u00f3 el acarreo de espectadores para las secciones gratuitas.<\/p>\n\n\n\n<p>Fueron los propios funcionarios los encargados de llenar el auditorio con cupo para 12 mil asistentes sentados; antes de las 10:00 horas las zonas gratuitas estaban llenas esta vez, a diferencia de las secciones A y B -con pago de boletos- que no llenaban los espacios al filo de la hora de inicio.<\/p>\n\n\n\n<p>Afuera sigui\u00f3 la reventa, como hab\u00eda ocurrido con anterioridad, pero ahora con m\u00e1s descaro al no haberse registrado antecedentes de acciones que lo impidieron.<\/p>\n\n\n\n<p>Como si se tratara de una verdadera banda organizada, se registr\u00f3 que al menos un grupo de 10 personas enganchaba clientes afuera del auditorio para revender boletos, agotados desde las primeras horas de salir a la venta.<\/p>\n\n\n\n<p>M\u00e1s tarde, ante las denuncias en redes, elementos de la Agencia Estatal de Investigaciones y la Polic\u00eda Estatal arribaron para cuestionar la actividad, sin que se reportaran detenciones a pesar que el secretario de Turismo, Juan Carlos Rivera Castellanos, dijo que habr\u00eda acciones legales.<\/p>\n\n\n\n<figure class=\"wp-block-embed is-type-rich is-provider-twitter wp-block-embed-twitter\"><div class=\"wp-block-embed__wrapper\">\n<div class=\"twitter-tweet\"><blockquote class=\"twitter-tweet\" data-lang=\"es\"><p lang=\"es\" dir=\"ltr\"><a href=\"https:\/\/twitter.com\/hashtag\/%C3%9AltimoMinuto?src=hash&amp;ref_src=twsrc%5Etfw\">#\u00daltimoMinuto<\/a><br>Hay excesiva reventa de boletos para ver segundo lunes de <a href=\"https:\/\/twitter.com\/hashtag\/Guelaguetza2022?src=hash&amp;ref_src=twsrc%5Etfw\">#Guelaguetza2022<\/a>. <br>En im\u00e1genes, un grupo de al menos 10 personas, que act\u00faa como delincuencia organizada.<br>Pese a presencia de la <a href=\"https:\/\/twitter.com\/Policia_GobOax?ref_src=twsrc%5Etfw\">@Policia_GobOax<\/a> y la <a href=\"https:\/\/twitter.com\/AeiFgeo?ref_src=twsrc%5Etfw\">@AeiFgeo<\/a> en el exterior del auditorio, no les hacen nada. <a href=\"https:\/\/t.co\/5APTYP9pd2\">pic.twitter.com\/5APTYP9pd2<\/a><\/p>&mdash; Zona Roja Oaxaca (@ZonaRoja_Oaxaca) <a href=\"https:\/\/twitter.com\/ZonaRoja_Oaxaca\/status\/1554134566725713922?ref_src=twsrc%5Etfw\">1 de agosto de 2022<\/a><\/blockquote><\/div>\n<\/div><\/figure>\n\n\n\n<p>PROTESTAS<\/p>\n\n\n\n<p>La segunda presentaci\u00f3n matutina de la Guelaguetza tambi\u00e9n estuvo amenazada.<\/p>\n\n\n\n<p>Desde primeras horas del d\u00eda, campesinos e integrantes de diferentes organizaciones sociales se reunieron en inmediaciones de avenida S\u00edmbolos Patrios en advertencia de una movilizaci\u00f3n, con el amago principal de bloquear los accesos al auditorio \u201cGuelaguetza\u201d en el cerro del Fort\u00edn.<\/p>\n\n\n\n<p>La alerta continu\u00f3, de forma m\u00e1s latente, ante la presencia de la saxofonista Mar\u00eda Elena R\u00edos al exterior del complejo durante los primeros minutos de iniciada la funci\u00f3n.<\/p>\n\n\n\n<p>Su presencia incomod\u00f3 a la parte oficial y moviliz\u00f3 con discreci\u00f3n a personal del gobierno estatal para vigilar sus acciones luego que durante el pasado lunes, en la edici\u00f3n vespertina de la Guelaguetza se manifest\u00f3 con una manta con la frase: \u201cOaxaca feminicida\u201d.<\/p>\n\n\n\n<p>Con eso, la sobreviviente de una tentativa de feminicidio, atacada con \u00e1cido, expres\u00f3 la injusticia en su caso ante miles de espectadores, presentes y de forma virtual.<\/p>\n\n\n\n<p>Este lunes, Mar\u00eda Elena se\u00f1al\u00f3 que el proceso de justicia m\u00e1s que depender de la Fiscal\u00eda General de Oaxaca se trata de un asunto de intereses y de protecci\u00f3n al autor intelectual, Juan Antonio V. C., quien est\u00e1 detenido, pero sin sentencia. Pues asegur\u00f3 que adem\u00e1s de ser su amigo es su socio gasolinero.<\/p>\n\n\n\n<p>Pero la saxofonista no s\u00f3lo estuvo presente en la Guelaguetza para protestar, tambi\u00e9n tuvo una colaboraci\u00f3n musical en el concierto de la cantante oaxaque\u00f1a Lila Down, organizado por el gobierno del estado, el pasado viernes.<\/p>\n\n\n\n<p>Durante su participaci\u00f3n, la mayor\u00eda aplaudi\u00f3 y celebr\u00f3 su actuaci\u00f3n, as\u00ed como respald\u00f3 su movimiento. Mientras que un reducido grupo de personas tambi\u00e9n abuche\u00f3 su presencia, seg\u00fan el video que circul\u00f3 en redes sociales.<\/p>\n\n\n\n<figure class=\"wp-block-embed is-type-rich is-provider-twitter wp-block-embed-twitter\"><div class=\"wp-block-embed__wrapper\">\n<div class=\"twitter-tweet\"><blockquote class=\"twitter-tweet\" data-lang=\"es\"><p lang=\"es\" dir=\"ltr\"><a href=\"https:\/\/twitter.com\/hashtag\/%C3%9AltimoMinuto?src=hash&amp;ref_src=twsrc%5Etfw\">#\u00daltimoMinuto<\/a> <br>Y debido al acarreo de personas, los palcos C y D del auditorio \u201cGuelaguetza\u201d se llenaron de inmediatos, a\u00fan abres que los palcos A y B, para ver la presentaci\u00f3n de una muestra del folclor de <a href=\"https:\/\/twitter.com\/hashtag\/Oaxaca?src=hash&amp;ref_src=twsrc%5Etfw\">#Oaxaca<\/a>. <a href=\"https:\/\/t.co\/q4iad6lfz2\">pic.twitter.com\/q4iad6lfz2<\/a><\/p>&mdash; Zona Roja Oaxaca (@ZonaRoja_Oaxaca) <a href=\"https:\/\/twitter.com\/ZonaRoja_Oaxaca\/status\/1554131361933451272?ref_src=twsrc%5Etfw\">1 de agosto de 2022<\/a><\/blockquote><\/div>\n<\/div><\/figure>\n\n\n\n<p>TAMBI\u00c9N EN CALENDA<\/p>\n\n\n\n<p>Vestida con atuendo t\u00edpico del Istmo de Tehuantepec, una mujer enga\u00f1\u00f3 al gobernador Alejandro Murat para fotografiarse&nbsp; con \u00e9l durante el desfile de delegaciones el pasado s\u00e1bado, mientras sosten\u00eda&nbsp; un cartel con la leyenda 666 feminicidios.<\/p>\n\n\n\n<p>Con una cartulina \u201cpantalla\u201d al frente, con la frase \u201cOaxaca lo tiene todo\u201d, la mujer llam\u00f3 la atenci\u00f3n del mandatario a su paso por las calles del Centro Hist\u00f3rico de Oaxaca; la foto solicitada fue otorgada, para de forma inmediata durante la pose dejar visible la cartulina de protesta sin que los trabajadores del gobierno del estado pudieran arrebat\u00e1rsela.<\/p>\n\n\n\n<p>Casi de forma paralela a la calenda, mujeres de diversos colectivos desarrollaron una protesta en el atrio de Santo Domingo de Guzm\u00e1n contra los feminicidios, la cual tambi\u00e9n llam\u00f3 la atenci\u00f3n de los visitantes a la capital.<\/p>\n\n\n\n<p>Los actos ilegales de alteraci\u00f3n al orden p\u00fablico durante las celebraciones tampoco faltaron y en eso tambi\u00e9n tuvo responsabilidad el gobierno municipal de Oaxaca de Ju\u00e1rez por otorgar de forma desmedida permisos para la venta de alcohol.<\/p>\n\n\n\n<p>El fin de semana, tras la calenda, las calles del centro de la ciudad se convirtieron nuevamente en un ring; un zafarrancho termin\u00f3 con personas lesionadas.<\/p>\n\n\n\n<p>Adem\u00e1s, tambi\u00e9n se difundi\u00f3 el enga\u00f1o a la Secretar\u00eda de Turismo por parte de un grupo musical que ofrecer\u00e1 un concierto en el Centro Cultural y de Convenciones de Oaxaca el 2 de agosto.<\/p>\n\n\n\n<p>La \u201cSonora Dinamita\u201d, oficial, dio a conocer que no se presentar\u00e1 en Oaxaca y que la imagen que se difunde sobre la actuaci\u00f3n de un grupo con ese nombre se trata de una agrupaci\u00f3n ap\u00f3crifa.<\/p>\n\n\n\n<figure class=\"wp-block-embed is-type-rich is-provider-twitter wp-block-embed-twitter\"><div class=\"wp-block-embed__wrapper\">\n<div class=\"twitter-tweet\"><blockquote class=\"twitter-tweet\" data-lang=\"es\"><p lang=\"es\" dir=\"ltr\">\u00bfLo vio? Durante la calenda ayer en la ciudad de <a href=\"https:\/\/twitter.com\/hashtag\/Oaxaca?src=hash&amp;ref_src=twsrc%5Etfw\">#Oaxaca<\/a>, previo a la octava de la <a href=\"https:\/\/twitter.com\/hashtag\/Guelaguetza2022?src=hash&amp;ref_src=twsrc%5Etfw\">#Guelaguetza2022<\/a>, una mujer pidi\u00f3 al gobernador <a href=\"https:\/\/twitter.com\/alejandromurat?ref_src=twsrc%5Etfw\">@alejandromurat<\/a> tomarse una fotograf\u00eda, pero al momento de la toma, de inmediato sac\u00f3 una cartulina con el n\u00famero de feminicidios en la entidad. <a href=\"https:\/\/t.co\/TfCmFbX6Ha\">pic.twitter.com\/TfCmFbX6Ha<\/a><\/p>&mdash; Zona Roja Oaxaca (@ZonaRoja_Oaxaca) <a href=\"https:\/\/twitter.com\/ZonaRoja_Oaxaca\/status\/1553721275243270146?ref_src=twsrc%5Etfw\">31 de julio de 2022<\/a><\/blockquote><\/div>\n<\/div><\/figure>\n\n\n\n<p>\u201cSe trata de una agrupaci\u00f3n ap\u00f3crifa que enga\u00f1\u00f3 al Gobierno del Estado, haci\u00e9ndose pasar por la Sonora Dinamita con la finalidad de presentarse el 2 de agosto en este evento\u201d, cit\u00f3 el grupo en un comunicado.<\/p>\n\n\n\n<p>Y las dos primeras ediciones del Lunes del Cerro tampoco estuvieron exentas de m\u00faltiples irregularidades. La ma\u00f1ana del lunes 25 de julio, la Secretar\u00eda de Turismo tuvo complicaciones para llenar el auditorio, en los palcos C y D.<\/p>\n\n\n\n<p>Por ello, envi\u00f3 a personal a regalar boletos, para que pudieran subir y llenar los espacios, lo cual ocurri\u00f3 cerca del mediod\u00eda.<\/p>\n\n\n\n<p>Y por la tarde de ese d\u00eda fue que acudi\u00f3 la saxofonista Mar\u00eda Elena a protestar con una manta contra los feminicidios, lo que deriv\u00f3 en un zafarrancho y al final la activista tuvo que abandonar el recinto escoltada por polic\u00edas.\u00a0<\/p>\n\n\n\n<p>Criticado tambi\u00e9n el desd\u00e9n oficial a la regi\u00f3n Sierra Norte, que de manera in\u00e9dita no estuvo representada en la Guelaguetza y por lo cual delegaciones de Villa Alta y San Melchor Betaza tuvieron que realizar su propia calenda, el pasado domingo \u00faltimo de julio. <\/p>\n","protected":false},"excerpt":{"rendered":"<p>Yuridiana Sosa\/Zona Roja. Oaxaca de Ju\u00e1rez, Oax., 1 de agosto de 2022.- \u201c\u00a1Tenemos lugares y&hellip;<\/p>\n","protected":false},"author":2,"featured_media":44139,"comment_status":"closed","ping_status":"open","sticky":false,"template":"","format":"standard","meta":{"_lmt_disableupdate":"","_lmt_disable":"","_jetpack_memberships_contains_paid_content":false,"footnotes":""},"categories":[109,47],"tags":[2787],"class_list":["post-44138","post","type-post","status-publish","format-standard","has-post-thumbnail","hentry","category-minuto-a-minuto","category-zona-gris","tag-guelaguetza-oaxaca"],"jetpack_featured_media_url":"https:\/\/zonaroja.com.mx\/wp-content\/uploads\/2022\/08\/Protestas-auditorio-Guelaguetza.jpg","jetpack_sharing_enabled":true,"_links":{"self":[{"href":"https:\/\/zonaroja.com.mx\/index.php?rest_route=\/wp\/v2\/posts\/44138","targetHints":{"allow":["GET"]}}],"collection":[{"href":"https:\/\/zonaroja.com.mx\/index.php?rest_route=\/wp\/v2\/posts"}],"about":[{"href":"https:\/\/zonaroja.com.mx\/index.php?rest_route=\/wp\/v2\/types\/post"}],"author":[{"embeddable":true,"href":"https:\/\/zonaroja.com.mx\/index.php?rest_route=\/wp\/v2\/users\/2"}],"replies":[{"embeddable":true,"href":"https:\/\/zonaroja.com.mx\/index.php?rest_route=%2Fwp%2Fv2%2Fcomments&post=44138"}],"version-history":[{"count":1,"href":"https:\/\/zonaroja.com.mx\/index.php?rest_route=\/wp\/v2\/posts\/44138\/revisions"}],"predecessor-version":[{"id":44140,"href":"https:\/\/zonaroja.com.mx\/index.php?rest_route=\/wp\/v2\/posts\/44138\/revisions\/44140"}],"wp:featuredmedia":[{"embeddable":true,"href":"https:\/\/zonaroja.com.mx\/index.php?rest_route=\/wp\/v2\/media\/44139"}],"wp:attachment":[{"href":"https:\/\/zonaroja.com.mx\/index.php?rest_route=%2Fwp%2Fv2%2Fmedia&parent=44138"}],"wp:term":[{"taxonomy":"category","embeddable":true,"href":"https:\/\/zonaroja.com.mx\/index.php?rest_route=%2Fwp%2Fv2%2Fcategories&post=44138"},{"taxonomy":"post_tag","embeddable":true,"href":"https:\/\/zonaroja.com.mx\/index.php?rest_route=%2Fwp%2Fv2%2Ftags&post=44138"}],"curies":[{"name":"wp","href":"https:\/\/api.w.org\/{rel}","templated":true}]}}