{"id":44141,"date":"2022-08-01T22:26:17","date_gmt":"2022-08-02T03:26:17","guid":{"rendered":"http:\/\/www.zonaroja.com.mx\/?p=44141"},"modified":"2022-08-01T22:26:19","modified_gmt":"2022-08-02T03:26:19","slug":"fin-de-semana-fatal-por-accidentes-al-menos-seis-muertos-en-oaxaca","status":"publish","type":"post","link":"https:\/\/zonaroja.com.mx\/?p=44141","title":{"rendered":"Fin de semana fatal por accidentes: al menos seis muertos en Oaxaca"},"content":{"rendered":"\n<p>Redacci\u00f3n\/Zona Roja.<\/p>\n\n\n\n<p>Oaxaca de Ju\u00e1rez, Oax., 1 de agosto de 2022.- Al menos sie personas perdieron la vida en Oaxaca por diversos accidentes viales, tan s\u00f3lo durante el fin de semana.<\/p>\n\n\n\n<p>En tanto, la tarde de este lunes, una persona fue atropellada en la carretera Oaxaca-Istmo, en jurisdicci\u00f3n de San Francisco Tutla, al oriente de la capital.<\/p>\n\n\n\n<p>Don Fidel, al parecer de oficio velador, se dirig\u00eda a sus labores, en el Deportivo Oaxaca, cuando fue arrollado por una unidad de motor, que de inmediato se dio a la fuga.<\/p>\n\n\n\n<p>Param\u00e9dicos de la Cruz Roja Mexicana arribaron al sitio para brindarle los primeros auxilios, pero corroboraron que ya hab\u00eda fallecido.<\/p>\n\n\n\n<p>M\u00daLTIPLES CASOS<\/p>\n\n\n\n<p>Apenas ayer domingo por la tarde, una persona del sexo muri\u00f3 a causa de un accidente, en la carretera Oaxaca-M\u00e9xico, en jurisdicci\u00f3n de la agencia de Pueblo Nuevo, ciudad de Oaxaca.<\/p>\n\n\n\n<p>Un joven motociclista presuntamente en exceso de velocidad, derrap\u00f3, choc\u00f3 con el cord\u00f3n cuneta y luego con un \u00e1rbol y tras la ca\u00edda, fue arrollado por una unidad de motor.<\/p>\n\n\n\n<p>Por la ma\u00f1ana de ayer, en Puerto Escondido, un turista de la Ciudad de M\u00e9xico perdi\u00f3 la vida por ahogamiento en playa abierta; presuntamente ingres\u00f3 a nadar cuando hab\u00eda marea alta.<\/p>\n\n\n\n<p>Tambi\u00e9n el domingo pero en el tramo carretero de La Ventosa-Salina Cruz, volc\u00f3 un tr\u00e1iler cargado con fertilizantes, lo que caus\u00f3 la muerte del conductor.<\/p>\n\n\n\n<p>La noche del s\u00e1bado, en el camino a Bah\u00eda La Ventosa de Salina Cruz, un motociclista derrap\u00f3 y perdi\u00f3 la vida, al parecer por exceso de velocidad.<\/p>\n\n\n\n<p>Un caso similar ocurri\u00f3 el mismo d\u00eda pero en la v\u00eda Oaxaca-M\u00e9xico, a la altura de Pueblo Nuevo, en la capital, en donde otro motociclista al parecer por falta de precauci\u00f3n, se estamp\u00f3 contra un tr\u00e1iler y muri\u00f3.<\/p>\n\n\n\n<p>Tambi\u00e9n en la ciudad de Tuxtepec ocurri\u00f3 un fuerte percance de dos motociclistas, en el bulevar Antonino Fern\u00e1ndez, en el que uno de los ocupantes de la unidad perdi\u00f3 la vida.<\/p>\n\n\n\n<figure class=\"wp-block-embed is-type-rich is-provider-twitter wp-block-embed-twitter\"><div class=\"wp-block-embed__wrapper\">\n<div class=\"twitter-tweet\"><blockquote class=\"twitter-tweet\" data-lang=\"es\"><p lang=\"es\" dir=\"ltr\"><a href=\"https:\/\/twitter.com\/hashtag\/ENVIVO?src=hash&amp;ref_src=twsrc%5Etfw\">#ENVIVO<\/a> <br>San Francisco Tutla, Oax., 1 de agosto de 2022.- Una persona fallecida por accidente en la carretera Oaxaca-Istmo, en jurisdicci\u00f3n de San Francisco Tutla; al parecer trabajador del Deportivo Oaxaca.<br>Aqu\u00ed la transmisi\u00f3n:<br>\ud83d\udc47 <a href=\"https:\/\/t.co\/LAbp58EoKm\">pic.twitter.com\/LAbp58EoKm<\/a><\/p>&mdash; Zona Roja Oaxaca (@ZonaRoja_Oaxaca) <a href=\"https:\/\/twitter.com\/ZonaRoja_Oaxaca\/status\/1554259853614407680?ref_src=twsrc%5Etfw\">2 de agosto de 2022<\/a><\/blockquote><\/div>\n<\/div><\/figure>\n","protected":false},"excerpt":{"rendered":"<p>Redacci\u00f3n\/Zona Roja. Oaxaca de Ju\u00e1rez, Oax., 1 de agosto de 2022.- Al menos sie personas&hellip;<\/p>\n","protected":false},"author":2,"featured_media":44142,"comment_status":"closed","ping_status":"open","sticky":false,"template":"","format":"standard","meta":{"_lmt_disableupdate":"","_lmt_disable":"","_jetpack_memberships_contains_paid_content":false,"footnotes":""},"categories":[109,51],"tags":[528],"class_list":["post-44141","post","type-post","status-publish","format-standard","has-post-thumbnail","hentry","category-minuto-a-minuto","category-zona-roja","tag-accidentes-de-transito"],"jetpack_featured_media_url":"https:\/\/zonaroja.com.mx\/wp-content\/uploads\/2022\/08\/Accidente-muerto-San-Francisco-Tutla.jpg","jetpack_sharing_enabled":true,"_links":{"self":[{"href":"https:\/\/zonaroja.com.mx\/index.php?rest_route=\/wp\/v2\/posts\/44141","targetHints":{"allow":["GET"]}}],"collection":[{"href":"https:\/\/zonaroja.com.mx\/index.php?rest_route=\/wp\/v2\/posts"}],"about":[{"href":"https:\/\/zonaroja.com.mx\/index.php?rest_route=\/wp\/v2\/types\/post"}],"author":[{"embeddable":true,"href":"https:\/\/zonaroja.com.mx\/index.php?rest_route=\/wp\/v2\/users\/2"}],"replies":[{"embeddable":true,"href":"https:\/\/zonaroja.com.mx\/index.php?rest_route=%2Fwp%2Fv2%2Fcomments&post=44141"}],"version-history":[{"count":1,"href":"https:\/\/zonaroja.com.mx\/index.php?rest_route=\/wp\/v2\/posts\/44141\/revisions"}],"predecessor-version":[{"id":44143,"href":"https:\/\/zonaroja.com.mx\/index.php?rest_route=\/wp\/v2\/posts\/44141\/revisions\/44143"}],"wp:featuredmedia":[{"embeddable":true,"href":"https:\/\/zonaroja.com.mx\/index.php?rest_route=\/wp\/v2\/media\/44142"}],"wp:attachment":[{"href":"https:\/\/zonaroja.com.mx\/index.php?rest_route=%2Fwp%2Fv2%2Fmedia&parent=44141"}],"wp:term":[{"taxonomy":"category","embeddable":true,"href":"https:\/\/zonaroja.com.mx\/index.php?rest_route=%2Fwp%2Fv2%2Fcategories&post=44141"},{"taxonomy":"post_tag","embeddable":true,"href":"https:\/\/zonaroja.com.mx\/index.php?rest_route=%2Fwp%2Fv2%2Ftags&post=44141"}],"curies":[{"name":"wp","href":"https:\/\/api.w.org\/{rel}","templated":true}]}}