{"id":44144,"date":"2022-08-02T06:46:20","date_gmt":"2022-08-02T11:46:20","guid":{"rendered":"http:\/\/www.zonaroja.com.mx\/?p=44144"},"modified":"2022-08-02T06:46:22","modified_gmt":"2022-08-02T11:46:22","slug":"presentaran-poder-judicial-y-la-escuela-de-formacion-manuales-en-temas-juridicos","status":"publish","type":"post","link":"https:\/\/zonaroja.com.mx\/?p=44144","title":{"rendered":"Presentar\u00e1n Poder Judicial y la Escuela de Formaci\u00f3n manuales en temas jur\u00eddicos"},"content":{"rendered":"\n<p>Redacci\u00f3n\/Zona Roja.<\/p>\n\n\n\n<p>Oaxaca de Ju\u00e1rez, Oax., 2 de agosto de 2022.- El pr\u00f3ximo&nbsp;jueves 4 de agosto prestigiados investigadores de la Universidad de Girona, Espa\u00f1a presentar\u00e1n en Oaxaca las obras jur\u00eddicas especializadas:&nbsp;\u201cManual de Razonamiento Probatorio\u201d y \u201cManual de Prueba Pericial\u201d, adem\u00e1s de impartir conferencias magistrales, como parte de&nbsp;la coordinaci\u00f3n de&nbsp;actividades acad\u00e9micas entre la Suprema Corte de Justicia de la Naci\u00f3n (SCJN), a trav\u00e9s de la Escuela Federal de Formaci\u00f3n Judicial y el Poder Judicial de Oaxaca.<\/p>\n\n\n\n<p>Al respecto, el magistrado presidente Eduardo Pinacho S\u00e1nchez, afirm\u00f3 que la&nbsp;actualizaci\u00f3n y profesionalizaci\u00f3n,&nbsp;son instrumentos&nbsp;fundamentales&nbsp;que permiten&nbsp;formar operadores jur\u00eddicos sensibles, con las competencias y herramientas necesarias para desempe\u00f1ar la m\u00e1s grande responsabilidad de impartir justicia, por lo que la socializaci\u00f3n de&nbsp;estos textos&nbsp;contribuye&nbsp;en ese aspecto.<\/p>\n\n\n\n<p>El \u201cManual de Razonamiento Probatorio\u201d se presentar\u00e1 el jueves 4 de agosto, a las 10:00 horas en el auditorio del Tribunal Superior de Justicia del Estado, en Ciudad Judicial de Reyes Mantec\u00f3n, con la presencia del doctor Jordi Ferrer Beltr\u00e1n,&nbsp;profesor titular de filosof\u00eda del derecho de la Universidad de Girona,&nbsp;Espa\u00f1a; profesor visitante de la Escuela Federal de Formaci\u00f3n Judicial&nbsp;del Consejo de la Judicatura Federal&nbsp;y coordinador de la obra jur\u00eddica.<\/p>\n\n\n\n<p>El mismo d\u00eda, a las 18:00 horas en el auditorio \u201cBenito Ju\u00e1rez\u201d de los Juzgados Civiles y Familiares del Centro, en el Ex Marquesado, se efectuar\u00e1 una conferencia magistral y la presentaci\u00f3n del \u201cManual de Prueba Pericial\u201d, a cargo de la doctora en Derecho, Carmen V\u00e1zquez Rojas, quien ha&nbsp;colaborado&nbsp;en investigaciones en&nbsp;torno a la justificaci\u00f3n de las decisiones judiciales, fundamentalmente&nbsp;lo&nbsp;relacionado con el razonamiento probatorio, con \u00e9nfasis en los problemas del uso del conocimiento experto para la toma de decisi\u00f3n sobre los hechos.<\/p>\n\n\n\n<p>Ante los cambios en el sistema de justicia los Manuales buscan ser verdaderas herramientas did\u00e1cticas que, por un lado, faciliten la resoluci\u00f3n de los casos a la luz de los est\u00e1ndares m\u00e1s actualizados en derechos humanos, y por el otro, contribuyan a la formaci\u00f3n especializada en temas esenciales para la impartici\u00f3n de justicia.&nbsp;<\/p>\n","protected":false},"excerpt":{"rendered":"<p>Redacci\u00f3n\/Zona Roja. Oaxaca de Ju\u00e1rez, Oax., 2 de agosto de 2022.- El pr\u00f3ximo&nbsp;jueves 4 de&hellip;<\/p>\n","protected":false},"author":2,"featured_media":44145,"comment_status":"closed","ping_status":"open","sticky":false,"template":"","format":"standard","meta":{"_lmt_disableupdate":"","_lmt_disable":"","_jetpack_memberships_contains_paid_content":false,"footnotes":""},"categories":[109,46],"tags":[223],"class_list":["post-44144","post","type-post","status-publish","format-standard","has-post-thumbnail","hentry","category-minuto-a-minuto","category-zona-blanca","tag-poder-judicial-de-oaxaca"],"jetpack_featured_media_url":"https:\/\/zonaroja.com.mx\/wp-content\/uploads\/2022\/08\/Poder-Judicial-Oaxaca-informacion.jpg","jetpack_sharing_enabled":true,"_links":{"self":[{"href":"https:\/\/zonaroja.com.mx\/index.php?rest_route=\/wp\/v2\/posts\/44144","targetHints":{"allow":["GET"]}}],"collection":[{"href":"https:\/\/zonaroja.com.mx\/index.php?rest_route=\/wp\/v2\/posts"}],"about":[{"href":"https:\/\/zonaroja.com.mx\/index.php?rest_route=\/wp\/v2\/types\/post"}],"author":[{"embeddable":true,"href":"https:\/\/zonaroja.com.mx\/index.php?rest_route=\/wp\/v2\/users\/2"}],"replies":[{"embeddable":true,"href":"https:\/\/zonaroja.com.mx\/index.php?rest_route=%2Fwp%2Fv2%2Fcomments&post=44144"}],"version-history":[{"count":1,"href":"https:\/\/zonaroja.com.mx\/index.php?rest_route=\/wp\/v2\/posts\/44144\/revisions"}],"predecessor-version":[{"id":44146,"href":"https:\/\/zonaroja.com.mx\/index.php?rest_route=\/wp\/v2\/posts\/44144\/revisions\/44146"}],"wp:featuredmedia":[{"embeddable":true,"href":"https:\/\/zonaroja.com.mx\/index.php?rest_route=\/wp\/v2\/media\/44145"}],"wp:attachment":[{"href":"https:\/\/zonaroja.com.mx\/index.php?rest_route=%2Fwp%2Fv2%2Fmedia&parent=44144"}],"wp:term":[{"taxonomy":"category","embeddable":true,"href":"https:\/\/zonaroja.com.mx\/index.php?rest_route=%2Fwp%2Fv2%2Fcategories&post=44144"},{"taxonomy":"post_tag","embeddable":true,"href":"https:\/\/zonaroja.com.mx\/index.php?rest_route=%2Fwp%2Fv2%2Ftags&post=44144"}],"curies":[{"name":"wp","href":"https:\/\/api.w.org\/{rel}","templated":true}]}}