{"id":4415,"date":"2019-09-29T22:17:21","date_gmt":"2019-09-30T03:17:21","guid":{"rendered":"http:\/\/www.zonaroja.com.mx\/?p=4415"},"modified":"2019-09-29T22:17:49","modified_gmt":"2019-09-30T03:17:49","slug":"colman-sitios-que-fundo-toledo-por-dia-nacional-del-maiz","status":"publish","type":"post","link":"https:\/\/zonaroja.com.mx\/?p=4415","title":{"rendered":"Colman sitios que fund\u00f3 Toledo por D\u00eda Nacional del Ma\u00edz"},"content":{"rendered":"\n<p>Ismael Garc\u00eda M.\/Zona Roja. <\/p>\n\n\n\n<p>Oaxaca de Ju\u00e1rez, Oax., 29 de septiembre\nde 2019- Y la respuesta no se hizo esperar a la convocatoria emitida por el\nInstituto de Artes Gr\u00e1ficas de Oaxaca (IAGO) para rememorar a Francisco Toledo,\nen el marco del D\u00eda Nacional de Ma\u00edz.<\/p>\n\n\n\n<p>Roberto fue el primero de los cientos que acudieron a diversos espacios fundados por el extinto pintor, a recolectar sellos en un cuadernillo, para luego ganarse postales, p\u00f3sters, folletos, una planta de ma\u00edz y alimentos a base de ese grano, adem\u00e1s del estampado de su playera.<\/p>\n\n\n\n<figure class=\"wp-block-embed-twitter wp-block-embed is-type-rich is-provider-twitter\"><div class=\"wp-block-embed__wrapper\">\n<div class=\"twitter-tweet\"><blockquote class=\"twitter-tweet\" data-lang=\"es\"><p lang=\"es\" dir=\"ltr\"><a href=\"https:\/\/twitter.com\/hashtag\/OaxacaVerde?src=hash&amp;ref_src=twsrc%5Etfw\">#OaxacaVerde<\/a><br>\u00c9l es Roberto, el chico que fue el primero en recabar los sellos del <a href=\"https:\/\/twitter.com\/CFMAB?ref_src=twsrc%5Etfw\">@CFMAB<\/a>, <a href=\"https:\/\/twitter.com\/FonotecaEMata?ref_src=twsrc%5Etfw\">@FonotecaEMata<\/a> y el Jard\u00edn Bot\u00e1nico, y por ello recibi\u00f3 varios premios, entre ellos la impresi\u00f3n de su camiseta. Fue en el marco del D\u00eda Nacional del Ma\u00edz, organizado por el <a href=\"https:\/\/twitter.com\/IAGO_mx?ref_src=twsrc%5Etfw\">@IAGO_mx<\/a>. <a href=\"https:\/\/t.co\/2C8651YKVD\">pic.twitter.com\/2C8651YKVD<\/a><\/p>&mdash; Zona Roja Oaxaca (@MexRoja) <a href=\"https:\/\/twitter.com\/MexRoja\/status\/1178492696299741185?ref_src=twsrc%5Etfw\">30 de septiembre de 2019<\/a><\/blockquote><\/div>\n<\/div><\/figure>\n\n\n\n<p>El IAGO, una de las primeras\ninstituciones que fund\u00f3 el artista pl\u00e1stico que falleci\u00f3 el pasado 5 de\nseptiembre, fue la sede final de un recorrido por el Centro Fotogr\u00e1fico \u201cManuel\n\u00c1lvarez Bravo\u201d (CFMAB), la Fonoteca \u201cEduardo Mata\u201d y el Jard\u00edn Etnobot\u00e1nico.<\/p>\n\n\n\n<p>En ese recinto, Sara L\u00f3pez, la hija de Toledo, y Trine Ellisgard, esposa del maestro, estuvieron atentos en la organizaci\u00f3n y el reparto de nicuatole, pastel de elote, elotes asados, atole, entre otros productos derivados del ma\u00edz.<\/p>\n\n\n\n<figure class=\"wp-block-embed-twitter wp-block-embed is-type-rich is-provider-twitter\"><div class=\"wp-block-embed__wrapper\">\n<div class=\"twitter-tweet\"><blockquote class=\"twitter-tweet\" data-lang=\"es\"><p lang=\"es\" dir=\"ltr\"><a href=\"https:\/\/twitter.com\/hashtag\/OaxacaRosa?src=hash&amp;ref_src=twsrc%5Etfw\">#OaxacaRosa<\/a><br>Con la presencia de familiares del maestro Francisco Toledo, as\u00ed se vive en el <a href=\"https:\/\/twitter.com\/IAGO_mx?ref_src=twsrc%5Etfw\">@IAGO_mx<\/a> el D\u00eda Nacional del Ma\u00edz; el pintor fallecido el 5 de septiembre de 2019 dio una f\u00e9rrea batalla a favor del grano criollo y en contra de los transg\u00e9nicos. <a href=\"https:\/\/t.co\/smGGSLJ6zg\">pic.twitter.com\/smGGSLJ6zg<\/a><\/p>&mdash; Zona Roja Oaxaca (@MexRoja) <a href=\"https:\/\/twitter.com\/MexRoja\/status\/1178359475192963073?ref_src=twsrc%5Etfw\">29 de septiembre de 2019<\/a><\/blockquote><\/div>\n<\/div><\/figure>\n\n\n\n<p>Acudieron a participar y a recordar al\nmaestro tambi\u00e9n Isabel Gra\u00f1\u00e9n Porr\u00faa, Alfredo Harp Hel\u00fa y la hija de ambos.<\/p>\n\n\n\n<p>La din\u00e1mica consisti\u00f3 en acudir a cada\nuno de los recintos citados \u2013donde adem\u00e1s hubo una exhibici\u00f3n alusiva al ma\u00edz&#8211;\npara recabar un sello, para luego regresar al IAGO por los premios.<\/p>\n\n\n\n<p>En el CFMAB (M. Bravo 116) tambi\u00e9n hubo ocasi\u00f3n de tomarse una foto en el set conmemorativo del D\u00eda Nacional del Ma\u00edz, adem\u00e1s de que el Centro de las Artes de San Agust\u00edn (CaSa) estuvo en este espacio con una prensa m\u00f3vil para imprimir grabados.<\/p>\n\n\n\n<figure class=\"wp-block-embed-twitter wp-block-embed is-type-rich is-provider-twitter\"><div class=\"wp-block-embed__wrapper\">\n<div class=\"twitter-tweet\"><blockquote class=\"twitter-tweet\" data-lang=\"es\"><p lang=\"es\" dir=\"ltr\"><a href=\"https:\/\/twitter.com\/hashtag\/OaxacaVerde?src=hash&amp;ref_src=twsrc%5Etfw\">#OaxacaVerde<\/a><br>La familia Harp (<a href=\"https:\/\/twitter.com\/isabelgporrua?ref_src=twsrc%5Etfw\">@isabelgporrua<\/a>, <a href=\"https:\/\/twitter.com\/alfredoharphelu?ref_src=twsrc%5Etfw\">@alfredoharphelu<\/a> e hija) acudieron tambi\u00e9n a la sede del <a href=\"https:\/\/twitter.com\/IAGO_mx?ref_src=twsrc%5Etfw\">@IAGO_mx<\/a> a conmemorar el D\u00eda Nacional del Ma\u00edz y a recordar la labor de Francisco Toledo en la defensa del grano nativo. <a href=\"https:\/\/t.co\/RLn0RHoSBV\">pic.twitter.com\/RLn0RHoSBV<\/a><\/p>&mdash; Zona Roja Oaxaca (@MexRoja) <a href=\"https:\/\/twitter.com\/MexRoja\/status\/1178467324531269632?ref_src=twsrc%5Etfw\">30 de septiembre de 2019<\/a><\/blockquote><\/div>\n<\/div><\/figure>\n\n\n\n<p>En el Jard\u00edn Etnobot\u00e1nico (Reforma\nesquina Constituci\u00f3n) los visitantes pudieron conocer a la abuelita del ma\u00edz y\npedir un antifaz.<\/p>\n\n\n\n<p>La Fonoteca \u201cEduardo Mata\u201d (Avenida\nJu\u00e1rez 203) prepar\u00f3 una sesi\u00f3n de escucha de coplas con informaci\u00f3n sobre el\nma\u00edz transg\u00e9nico y una m\u00e1scara.<\/p>\n\n\n\n<p>El maestro Francisco Toledo encabez\u00f3 una\nlucha por defender el ma\u00edz nativo, preocupado por la entrada de las semillas\ntransg\u00e9nicas a M\u00e9xico llev\u00f3 a cabo en vida una serie de acciones para que el\ntema del ma\u00edz estuviera presente en la agenda nacional.<\/p>\n\n\n\n<p>Los institutos que cre\u00f3 siempre\nestuvieron involucrados en la campa\u00f1a en defensa del ma\u00edz nativo, se crearon\nfolletos informativos, carteles, charlas y foros de discusi\u00f3n.<\/p>\n","protected":false},"excerpt":{"rendered":"<p>Ismael Garc\u00eda M.\/Zona Roja. Oaxaca de Ju\u00e1rez, Oax., 29 de septiembre de 2019- Y la&hellip;<\/p>\n","protected":false},"author":2,"featured_media":4416,"comment_status":"closed","ping_status":"open","sticky":false,"template":"","format":"standard","meta":{"_lmt_disableupdate":"","_lmt_disable":"","_jetpack_memberships_contains_paid_content":false,"footnotes":""},"categories":[109,52],"tags":[677,791],"class_list":["post-4415","post","type-post","status-publish","format-standard","has-post-thumbnail","hentry","category-minuto-a-minuto","category-zona-verde","tag-francisco-toledo","tag-instituto-de-artes-graficas-de-oaxaca"],"jetpack_featured_media_url":"https:\/\/zonaroja.com.mx\/wp-content\/uploads\/2019\/09\/IMG_2998.jpg","jetpack_sharing_enabled":true,"_links":{"self":[{"href":"https:\/\/zonaroja.com.mx\/index.php?rest_route=\/wp\/v2\/posts\/4415","targetHints":{"allow":["GET"]}}],"collection":[{"href":"https:\/\/zonaroja.com.mx\/index.php?rest_route=\/wp\/v2\/posts"}],"about":[{"href":"https:\/\/zonaroja.com.mx\/index.php?rest_route=\/wp\/v2\/types\/post"}],"author":[{"embeddable":true,"href":"https:\/\/zonaroja.com.mx\/index.php?rest_route=\/wp\/v2\/users\/2"}],"replies":[{"embeddable":true,"href":"https:\/\/zonaroja.com.mx\/index.php?rest_route=%2Fwp%2Fv2%2Fcomments&post=4415"}],"version-history":[{"count":1,"href":"https:\/\/zonaroja.com.mx\/index.php?rest_route=\/wp\/v2\/posts\/4415\/revisions"}],"predecessor-version":[{"id":4417,"href":"https:\/\/zonaroja.com.mx\/index.php?rest_route=\/wp\/v2\/posts\/4415\/revisions\/4417"}],"wp:featuredmedia":[{"embeddable":true,"href":"https:\/\/zonaroja.com.mx\/index.php?rest_route=\/wp\/v2\/media\/4416"}],"wp:attachment":[{"href":"https:\/\/zonaroja.com.mx\/index.php?rest_route=%2Fwp%2Fv2%2Fmedia&parent=4415"}],"wp:term":[{"taxonomy":"category","embeddable":true,"href":"https:\/\/zonaroja.com.mx\/index.php?rest_route=%2Fwp%2Fv2%2Fcategories&post=4415"},{"taxonomy":"post_tag","embeddable":true,"href":"https:\/\/zonaroja.com.mx\/index.php?rest_route=%2Fwp%2Fv2%2Ftags&post=4415"}],"curies":[{"name":"wp","href":"https:\/\/api.w.org\/{rel}","templated":true}]}}