{"id":44150,"date":"2022-08-02T07:05:59","date_gmt":"2022-08-02T12:05:59","guid":{"rendered":"http:\/\/www.zonaroja.com.mx\/?p=44150"},"modified":"2022-08-02T07:06:00","modified_gmt":"2022-08-02T12:06:00","slug":"mata-eu-a-lider-de-al-qaeda-se-ha-hecho-justicia-biden","status":"publish","type":"post","link":"https:\/\/zonaroja.com.mx\/?p=44150","title":{"rendered":"Mata EU a l\u00edder de Al-Qaeda; \u201cse ha hecho justicia\u201d: Biden"},"content":{"rendered":"\n<p>Redacci\u00f3n\/Zona Roja.<\/p>\n\n\n\n<p>Oaxaca de Ju\u00e1rez, Oax., 2 de agosto de 2022.- El presidente Joe Biden confirm\u00f3 que Estados Unidos mat\u00f3 en un ataque a\u00e9reo en Kabul al l\u00edder de Al-Qaeda, Ayman al-Zawahiri, uno de los terroristas m\u00e1s buscados en el mundo por autoridades estadunidenses, y por quien ofrec\u00edan 25 millones de d\u00f3lares por cualquier informaci\u00f3n que permitiera detenerlo.&nbsp;&nbsp;<\/p>\n\n\n\n<p>\u00abSe ha hecho justicia y este l\u00edder terrorista ya no est\u00e1. No importa d\u00f3nde se escondan, Estados Unidos los encontrar\u00e1\u00bb, asegur\u00f3 Biden desde la Casa Blanca.&nbsp;&nbsp;<\/p>\n\n\n\n<p>El presidente estadunidense asegur\u00f3 que la operaci\u00f3n para matar al \u00abcerebro\u00bb de Al-Qaeda fue autorizada bajo su mando y&nbsp; se planific\u00f3 con precisi\u00f3n \u00abpara minimizar riesgos a civiles\u00bb y agreg\u00f3&nbsp;que&nbsp;al-Zawahiri se hab\u00eda refugiado en Afganist\u00e1n&nbsp;desde inicios de 2022, por lo que su alojamiento ha sido&nbsp;una \u00abclara violaci\u00f3n\u00bb de los acuerdos alcanzados con los talibanes en Doha en 2020.<\/p>\n\n\n\n<p>\u00abAl-Zawahiri finamente fue rastreado, a comienzos de este a\u00f1o se fue a Kabul. Despu\u00e9s de considerar la evidencia clara de su ubicaci\u00f3n, autoric\u00e9 un ataque de precisi\u00f3n para eliminarlo [&#8230;]&nbsp;&nbsp;Al Zawahiri fue asesinado la ma\u00f1ana del domingo en una residencia de Kabul, concretamente a las 06:18 hora local.&nbsp;Ninguno de sus familiares fueron heridos y no hubo v\u00edctimas\u00bb, reiter\u00f3 Biden en su mensaje.&nbsp;<\/p>\n\n\n\n<p>\u00abNo permitiremos que Afganist\u00e1n sea un santuario del terrorismo, que (Al-Zawahari) no sea reemplazado\u00bb. Biden concluy\u00f3 su discurso reiterando su compromiso por el trabajo de Estados Unidos para combatir el terrorismo, que representa tanto una amenaza para los estadunidenses como al mundo, por lo que agradeci\u00f3 a sus elementos antiterrorismo y de inteligencia por la muerte de Al-Zawahari.&nbsp;<\/p>\n\n\n\n<p>\u00abLos nombres en bronce (de las v\u00edctimas del 9-11) es un recordatorio de la premisa (de combatir al terrorismo) [&#8230;] ning\u00fan d\u00eda debe&nbsp; borrar el recuerdo del tiempo [&#8230;] para a quienes perdieron amigos y familiares, tengo la esperanza de que esta medida les d\u00e9 un cierto consuelo\u00bb.&nbsp;&nbsp;<\/p>\n\n\n\n<p>(Informaci\u00f3n de agencias en \u201cMilenio\u201d)<\/p>\n","protected":false},"excerpt":{"rendered":"<p>Redacci\u00f3n\/Zona Roja. Oaxaca de Ju\u00e1rez, Oax., 2 de agosto de 2022.- El presidente Joe Biden&hellip;<\/p>\n","protected":false},"author":2,"featured_media":44151,"comment_status":"closed","ping_status":"open","sticky":false,"template":"","format":"standard","meta":{"_lmt_disableupdate":"","_lmt_disable":"","_jetpack_memberships_contains_paid_content":false,"footnotes":""},"categories":[109,47],"tags":[],"class_list":["post-44150","post","type-post","status-publish","format-standard","has-post-thumbnail","hentry","category-minuto-a-minuto","category-zona-gris"],"jetpack_featured_media_url":"https:\/\/zonaroja.com.mx\/wp-content\/uploads\/2022\/08\/Mata-EU-a-lider-de-Al-Qaeda.jpeg","jetpack_sharing_enabled":true,"_links":{"self":[{"href":"https:\/\/zonaroja.com.mx\/index.php?rest_route=\/wp\/v2\/posts\/44150","targetHints":{"allow":["GET"]}}],"collection":[{"href":"https:\/\/zonaroja.com.mx\/index.php?rest_route=\/wp\/v2\/posts"}],"about":[{"href":"https:\/\/zonaroja.com.mx\/index.php?rest_route=\/wp\/v2\/types\/post"}],"author":[{"embeddable":true,"href":"https:\/\/zonaroja.com.mx\/index.php?rest_route=\/wp\/v2\/users\/2"}],"replies":[{"embeddable":true,"href":"https:\/\/zonaroja.com.mx\/index.php?rest_route=%2Fwp%2Fv2%2Fcomments&post=44150"}],"version-history":[{"count":1,"href":"https:\/\/zonaroja.com.mx\/index.php?rest_route=\/wp\/v2\/posts\/44150\/revisions"}],"predecessor-version":[{"id":44152,"href":"https:\/\/zonaroja.com.mx\/index.php?rest_route=\/wp\/v2\/posts\/44150\/revisions\/44152"}],"wp:featuredmedia":[{"embeddable":true,"href":"https:\/\/zonaroja.com.mx\/index.php?rest_route=\/wp\/v2\/media\/44151"}],"wp:attachment":[{"href":"https:\/\/zonaroja.com.mx\/index.php?rest_route=%2Fwp%2Fv2%2Fmedia&parent=44150"}],"wp:term":[{"taxonomy":"category","embeddable":true,"href":"https:\/\/zonaroja.com.mx\/index.php?rest_route=%2Fwp%2Fv2%2Fcategories&post=44150"},{"taxonomy":"post_tag","embeddable":true,"href":"https:\/\/zonaroja.com.mx\/index.php?rest_route=%2Fwp%2Fv2%2Ftags&post=44150"}],"curies":[{"name":"wp","href":"https:\/\/api.w.org\/{rel}","templated":true}]}}