{"id":44166,"date":"2022-08-02T19:14:23","date_gmt":"2022-08-03T00:14:23","guid":{"rendered":"http:\/\/www.zonaroja.com.mx\/?p=44166"},"modified":"2022-08-02T19:14:25","modified_gmt":"2022-08-03T00:14:25","slug":"denuncian-ataque-armado-a-desplazados-de-san-juan-juquila-mixe","status":"publish","type":"post","link":"https:\/\/zonaroja.com.mx\/?p=44166","title":{"rendered":"Denuncian ataque armado a desplazados de San Juan Juquila Mixe"},"content":{"rendered":"\n<p>Ismael Garc\u00eda M.\/Zona Roja.<\/p>\n\n\n\n<p>Oaxaca de Ju\u00e1rez, Oax., 2 de agosto de 2022.- Cuatro campesinos desplazados de la agencia de Guadalupe Victoria fueron atacados a balazos hoy en jurisdicci\u00f3n de San Juan Juquila Mixe, en la regi\u00f3n Sierra Norte de Oaxaca.<\/p>\n\n\n\n<p>As\u00ed lo denunci\u00f3 el representante de los desplazados de Guadalupe Victoria, C\u00e9sar Rivera Medrano, y el presidente del Centro de Derechos Humanos y Asesor\u00eda a Pueblos Ind\u00edgenas, Maurilio Santiago Reyes.<\/p>\n\n\n\n<p>En un comunicado, detallaron que este martes aproximadamente a las 11:30 horas, los se\u00f1ores Aquilino Tiburcio, de 60 a\u00f1os de edad; Mauricio M\u00e1rquez, de 16 a\u00f1os;&nbsp; Celso Barriga, de 50 a\u00f1os, y Jos\u00e9 M\u00e1rquez, de 70 a\u00f1os, se encontraban en un terreno de sembrad\u00edo que se ubica cerca del rancho \u201cPioj\u00f3n\u201d, echando fertilizante a la milpa.<\/p>\n\n\n\n<p>En ese momento fueron atacados por un grupo de personas armadas, en que result\u00f3 herido el se\u00f1or Celso Barriga, quien recibi\u00f3 un disparo de arma de fuego en la pierna y en la cadera, mientras que el se\u00f1or Jos\u00e9 M\u00e1rquez fue capturado por sus atacantes pero logr\u00f3 escaparse y lleg\u00f3 a la comunidad&nbsp; de San Juan Juquila Mixe, golpeado y lesionado.<\/p>\n\n\n\n<p>Recordaron que desde el 6 de enero del a\u00f1o 2017, 128 familias integradas por 527 personas fueron desplazadas en forma violenta de la comunidad de Guadalupe Victoria, Juquila Mixe, por un grupo de personas armadas de esa misma agencia.<\/p>\n\n\n\n<p>Desde esa fecha han vivido refugiados en un auditorio de San Juan Juquila Mixe, donde han permanecido hacinados sin la ayuda oficial correspondiente; posteriormente varios de ellos se establecieron en casas de sus familiares del mismo municipio.<\/p>\n\n\n\n<p>Recordaron que el 7 de enero del 2017, aproximadamente las 08:00 de la ma\u00f1ana, privaron de la vida, al menor de edad Jos\u00e9 Antonio P\u00e9rez Manuel.<\/p>\n\n\n\n<p>El d\u00eda 14 de julio del 2022, aproximadamente a las dos de la tarde fue asesinado en un paraje cercano a la comunidad&nbsp; de Juquila Mixe el defensor comunitario de derechos humanos&nbsp; de la regi\u00f3n Mixe, Crisp\u00edn Reyes Pablo, de 60 a\u00f1os de edad, quien fue agente municipal de la comunidad de Guadalupe Victoria.<\/p>\n\n\n\n<p>Y el d\u00eda 17 de Julio del 2022, aproximadamente&nbsp; a las 11:15 horas, en el paraje \u201cEl Coscomate\u201d de Juquila Mixes, se encontraron los cad\u00e1veres de un hombre y una mujer, quienes eran los se\u00f1ores Porfirio Jos\u00e9 Avelino, de 88 a\u00f1os de edad, y su esposa Epifan\u00eda Hern\u00e1ndez, de 78 a\u00f1os, originarios de Guadalupe Victoria Mixes, quienes ten\u00edan varios impactos de arma de fuego en el cuerpo.<\/p>\n\n\n\n<p>Demandaron a las autoridades estatales atenci\u00f3n prioritaria tanto a los refugiados como el esclarecimiento de los hechos violentos y los homicidios.<\/p>\n","protected":false},"excerpt":{"rendered":"<p>Ismael Garc\u00eda M.\/Zona Roja. Oaxaca de Ju\u00e1rez, Oax., 2 de agosto de 2022.- Cuatro campesinos&hellip;<\/p>\n","protected":false},"author":2,"featured_media":43548,"comment_status":"closed","ping_status":"open","sticky":false,"template":"","format":"standard","meta":{"_lmt_disableupdate":"","_lmt_disable":"","_jetpack_memberships_contains_paid_content":false,"footnotes":""},"categories":[109,47],"tags":[2822],"class_list":["post-44166","post","type-post","status-publish","format-standard","has-post-thumbnail","hentry","category-minuto-a-minuto","category-zona-gris","tag-san-juan-juquila-mixe"],"jetpack_featured_media_url":"https:\/\/zonaroja.com.mx\/wp-content\/uploads\/2022\/07\/San-Juan-Juquila-Mixe.jpeg","jetpack_sharing_enabled":true,"_links":{"self":[{"href":"https:\/\/zonaroja.com.mx\/index.php?rest_route=\/wp\/v2\/posts\/44166","targetHints":{"allow":["GET"]}}],"collection":[{"href":"https:\/\/zonaroja.com.mx\/index.php?rest_route=\/wp\/v2\/posts"}],"about":[{"href":"https:\/\/zonaroja.com.mx\/index.php?rest_route=\/wp\/v2\/types\/post"}],"author":[{"embeddable":true,"href":"https:\/\/zonaroja.com.mx\/index.php?rest_route=\/wp\/v2\/users\/2"}],"replies":[{"embeddable":true,"href":"https:\/\/zonaroja.com.mx\/index.php?rest_route=%2Fwp%2Fv2%2Fcomments&post=44166"}],"version-history":[{"count":1,"href":"https:\/\/zonaroja.com.mx\/index.php?rest_route=\/wp\/v2\/posts\/44166\/revisions"}],"predecessor-version":[{"id":44167,"href":"https:\/\/zonaroja.com.mx\/index.php?rest_route=\/wp\/v2\/posts\/44166\/revisions\/44167"}],"wp:featuredmedia":[{"embeddable":true,"href":"https:\/\/zonaroja.com.mx\/index.php?rest_route=\/wp\/v2\/media\/43548"}],"wp:attachment":[{"href":"https:\/\/zonaroja.com.mx\/index.php?rest_route=%2Fwp%2Fv2%2Fmedia&parent=44166"}],"wp:term":[{"taxonomy":"category","embeddable":true,"href":"https:\/\/zonaroja.com.mx\/index.php?rest_route=%2Fwp%2Fv2%2Fcategories&post=44166"},{"taxonomy":"post_tag","embeddable":true,"href":"https:\/\/zonaroja.com.mx\/index.php?rest_route=%2Fwp%2Fv2%2Ftags&post=44166"}],"curies":[{"name":"wp","href":"https:\/\/api.w.org\/{rel}","templated":true}]}}