{"id":44171,"date":"2022-08-02T21:38:27","date_gmt":"2022-08-03T02:38:27","guid":{"rendered":"http:\/\/www.zonaroja.com.mx\/?p=44171"},"modified":"2022-08-02T21:38:29","modified_gmt":"2022-08-03T02:38:29","slug":"reporta-la-sspo-presentaciones-de-la-guelaguetza-con-saldo-blanco","status":"publish","type":"post","link":"https:\/\/zonaroja.com.mx\/?p=44171","title":{"rendered":"Reporta la SSPO presentaciones de la Guelaguetza con saldo blanco"},"content":{"rendered":"\n<p>Redacci\u00f3n\/Zona Roja.<\/p>\n\n\n\n<p>Oaxaca de Ju\u00e1rez, Oax., a 2 de agosto de 2022.- La Secretar\u00eda de Seguridad P\u00fablica de Oaxaca (SSPO) inform\u00f3 que la emisi\u00f3n de la octava de la Guelaguetza concluy\u00f3 en saldo blanco y en la que las familias oaxaque\u00f1as, como visitantes a la misma, disfrutaron de esta muestra de hermandad en un ambiente de paz y orden.<\/p>\n\n\n\n<p>Conforme a las instrucciones de la titular de la SSPO, Dalia Ba\u00f1os Noyola y en el marco del Operativo \u201cVerano Seguro 2022\u201d, se establecieron las medidas preventivas, reactivas y disuasivas en el interior del Auditorio Guelaguetza; as\u00ed como en sus alrededores.<\/p>\n\n\n\n<p>Por lo anterior, se hicieron efectivas las l\u00edneas de acciones conjuntas y profesionales entre las diferentes dependencias del estado, corporaciones policiales, Protecci\u00f3n Civil y Cruz Roja Mexicana, a fin de que la fiesta m\u00e1xima de las y los oaxaque\u00f1os se desarrollar\u00e1 en un ambiente de festividad y tranquilidad.<\/p>\n\n\n\n<p>Cabe se\u00f1alar que, los despliegues implementados en la Rotonda de las Azucenas y en zonas estrat\u00e9gicas de gran concentraci\u00f3n de personas en la capital oaxaque\u00f1a, las fuerzas estatales, federales y municipales de seguridad, se mantienen coordinadas y mediante el monitoreo del Centro de Control, Comando y Comunicaci\u00f3n (C-4).<\/p>\n\n\n\n<p>Finalmente, Ba\u00f1os Noyola agradeci\u00f3 el compromiso y trabajo que realizaron las y los integrantes de la Polic\u00eda Estatal, Polic\u00eda Vial Estatal; Polic\u00eda Auxiliar, Bancaria, Industrial y Comercial (PABIC) y el Heroico Cuerpo de Bomberos, a fin de mantener una Guelaguetza Segura.<\/p>\n","protected":false},"excerpt":{"rendered":"<p>Redacci\u00f3n\/Zona Roja. Oaxaca de Ju\u00e1rez, Oax., a 2 de agosto de 2022.- La Secretar\u00eda de&hellip;<\/p>\n","protected":false},"author":2,"featured_media":44172,"comment_status":"closed","ping_status":"open","sticky":false,"template":"","format":"standard","meta":{"_lmt_disableupdate":"","_lmt_disable":"","_jetpack_memberships_contains_paid_content":false,"footnotes":""},"categories":[109,46],"tags":[1421],"class_list":["post-44171","post","type-post","status-publish","format-standard","has-post-thumbnail","hentry","category-minuto-a-minuto","category-zona-blanca","tag-secretaria-de-seguridad-publica-de-oaxaca-sspo"],"jetpack_featured_media_url":"https:\/\/zonaroja.com.mx\/wp-content\/uploads\/2022\/08\/SSPO-Saldo-blanco-3.jpg","jetpack_sharing_enabled":true,"_links":{"self":[{"href":"https:\/\/zonaroja.com.mx\/index.php?rest_route=\/wp\/v2\/posts\/44171","targetHints":{"allow":["GET"]}}],"collection":[{"href":"https:\/\/zonaroja.com.mx\/index.php?rest_route=\/wp\/v2\/posts"}],"about":[{"href":"https:\/\/zonaroja.com.mx\/index.php?rest_route=\/wp\/v2\/types\/post"}],"author":[{"embeddable":true,"href":"https:\/\/zonaroja.com.mx\/index.php?rest_route=\/wp\/v2\/users\/2"}],"replies":[{"embeddable":true,"href":"https:\/\/zonaroja.com.mx\/index.php?rest_route=%2Fwp%2Fv2%2Fcomments&post=44171"}],"version-history":[{"count":1,"href":"https:\/\/zonaroja.com.mx\/index.php?rest_route=\/wp\/v2\/posts\/44171\/revisions"}],"predecessor-version":[{"id":44173,"href":"https:\/\/zonaroja.com.mx\/index.php?rest_route=\/wp\/v2\/posts\/44171\/revisions\/44173"}],"wp:featuredmedia":[{"embeddable":true,"href":"https:\/\/zonaroja.com.mx\/index.php?rest_route=\/wp\/v2\/media\/44172"}],"wp:attachment":[{"href":"https:\/\/zonaroja.com.mx\/index.php?rest_route=%2Fwp%2Fv2%2Fmedia&parent=44171"}],"wp:term":[{"taxonomy":"category","embeddable":true,"href":"https:\/\/zonaroja.com.mx\/index.php?rest_route=%2Fwp%2Fv2%2Fcategories&post=44171"},{"taxonomy":"post_tag","embeddable":true,"href":"https:\/\/zonaroja.com.mx\/index.php?rest_route=%2Fwp%2Fv2%2Ftags&post=44171"}],"curies":[{"name":"wp","href":"https:\/\/api.w.org\/{rel}","templated":true}]}}