{"id":4418,"date":"2019-09-30T08:47:13","date_gmt":"2019-09-30T13:47:13","guid":{"rendered":"http:\/\/www.zonaroja.com.mx\/?p=4418"},"modified":"2019-09-30T08:47:15","modified_gmt":"2019-09-30T13:47:15","slug":"cuenca-sangrienta-un-medico-ejecutado-y-tres-heridos-entre-ellos-un-policia","status":"publish","type":"post","link":"https:\/\/zonaroja.com.mx\/?p=4418","title":{"rendered":"Cuenca sangrienta: un m\u00e9dico ejecutado y tres heridos, entre ellos un polic\u00eda"},"content":{"rendered":"\n<p>Redacci\u00f3n\/Zona\nRoja.<\/p>\n\n\n\n<p>Oaxaca de\nJu\u00e1rez, Oax., 30 de octubre de 2019.- Una persona ejecutada a balazos y tres\nheridas, entre ellos un polic\u00eda municipal, es el saldo sangriento ocurrido en\nlas \u00faltimas horas en la regi\u00f3n de la Cuenca del Papaloapan.<\/p>\n\n\n\n<p>Anoche, alrededor de las 23:30 horas, ocurri\u00f3 un enfrentamiento en la avenida Independencia, del centro de San Juan Bautista Tuxtepec, lo que dej\u00f3 como saldo dos personas lesionadas, entre ellos un elemento de la Polic\u00eda Municipal; ambos fueron llevados a un hospital.<\/p>\n\n\n\n<figure class=\"wp-block-embed-twitter wp-block-embed is-type-rich is-provider-twitter\"><div class=\"wp-block-embed__wrapper\">\n<div class=\"twitter-tweet\"><blockquote class=\"twitter-tweet\" data-lang=\"es\"><p lang=\"es\" dir=\"ltr\"><a href=\"https:\/\/twitter.com\/hashtag\/OaxacaRojo?src=hash&amp;ref_src=twsrc%5Etfw\">#OaxacaRojo<\/a><br>El edil de San Juan Bautista Tuxtepec, <a href=\"https:\/\/twitter.com\/ferdavilamx?ref_src=twsrc%5Etfw\">@ferdavilamx<\/a>, abandon\u00f3 la seguridad de la poblaci\u00f3n y como muestra de ello, cerca de la media noche de ayer hubo un enfrentamiento armado, con saldo de dos heridos, entre ellos un polic\u00eda. <a href=\"https:\/\/t.co\/agmEdxyZN8\">pic.twitter.com\/agmEdxyZN8<\/a><\/p>&mdash; Zona Roja Oaxaca (@MexRoja) <a href=\"https:\/\/twitter.com\/MexRoja\/status\/1178664049707507715?ref_src=twsrc%5Etfw\">30 de septiembre de 2019<\/a><\/blockquote><\/div>\n<\/div><\/figure>\n\n\n\n<p>En tanto,\nSeguridad P\u00fablica municipal no report\u00f3 detenci\u00f3n alguna; elementos de la\nPolic\u00eda Estatal y de la Guardia Nacional llegaron a la zona para resguardar la\nseguridad, una vez ocurridos los hechos violentos.<\/p>\n\n\n\n<p>Horas antes,\npor la tarde, fue ejecutado un m\u00e9dico, en el tramo carretero Tuxtepec-San\nFelipe Jalapa de D\u00edaz.<\/p>\n\n\n\n<p>Primero lo\ndetuvieron en la carretera, luego lo ejecutaron a balazos y despu\u00e9s le robaron\nsu unidad de motor. La v\u00edctima fue identificada como el m\u00e9dico Primitivo\nRangel, de 32 a\u00f1os de edad.<\/p>\n\n\n\n<p>Su esposa,\nenfermera del Hospital General de Tuxtepec, result\u00f3 herida; tampoco hay\npersonas detenidas.<\/p>\n","protected":false},"excerpt":{"rendered":"<p>Redacci\u00f3n\/Zona Roja. Oaxaca de Ju\u00e1rez, Oax., 30 de octubre de 2019.- Una persona ejecutada a&hellip;<\/p>\n","protected":false},"author":2,"featured_media":3236,"comment_status":"closed","ping_status":"open","sticky":false,"template":"","format":"standard","meta":{"_lmt_disableupdate":"","_lmt_disable":"","_jetpack_memberships_contains_paid_content":false,"footnotes":""},"categories":[109,51],"tags":[118],"class_list":["post-4418","post","type-post","status-publish","format-standard","has-post-thumbnail","hentry","category-minuto-a-minuto","category-zona-roja","tag-san-juan-bautista-tuxtepec"],"jetpack_featured_media_url":"https:\/\/zonaroja.com.mx\/wp-content\/uploads\/2019\/08\/balazos.jpg","jetpack_sharing_enabled":true,"_links":{"self":[{"href":"https:\/\/zonaroja.com.mx\/index.php?rest_route=\/wp\/v2\/posts\/4418","targetHints":{"allow":["GET"]}}],"collection":[{"href":"https:\/\/zonaroja.com.mx\/index.php?rest_route=\/wp\/v2\/posts"}],"about":[{"href":"https:\/\/zonaroja.com.mx\/index.php?rest_route=\/wp\/v2\/types\/post"}],"author":[{"embeddable":true,"href":"https:\/\/zonaroja.com.mx\/index.php?rest_route=\/wp\/v2\/users\/2"}],"replies":[{"embeddable":true,"href":"https:\/\/zonaroja.com.mx\/index.php?rest_route=%2Fwp%2Fv2%2Fcomments&post=4418"}],"version-history":[{"count":1,"href":"https:\/\/zonaroja.com.mx\/index.php?rest_route=\/wp\/v2\/posts\/4418\/revisions"}],"predecessor-version":[{"id":4419,"href":"https:\/\/zonaroja.com.mx\/index.php?rest_route=\/wp\/v2\/posts\/4418\/revisions\/4419"}],"wp:featuredmedia":[{"embeddable":true,"href":"https:\/\/zonaroja.com.mx\/index.php?rest_route=\/wp\/v2\/media\/3236"}],"wp:attachment":[{"href":"https:\/\/zonaroja.com.mx\/index.php?rest_route=%2Fwp%2Fv2%2Fmedia&parent=4418"}],"wp:term":[{"taxonomy":"category","embeddable":true,"href":"https:\/\/zonaroja.com.mx\/index.php?rest_route=%2Fwp%2Fv2%2Fcategories&post=4418"},{"taxonomy":"post_tag","embeddable":true,"href":"https:\/\/zonaroja.com.mx\/index.php?rest_route=%2Fwp%2Fv2%2Ftags&post=4418"}],"curies":[{"name":"wp","href":"https:\/\/api.w.org\/{rel}","templated":true}]}}