{"id":44180,"date":"2022-08-03T06:47:42","date_gmt":"2022-08-03T11:47:42","guid":{"rendered":"http:\/\/www.zonaroja.com.mx\/?p=44180"},"modified":"2022-08-03T06:47:44","modified_gmt":"2022-08-03T11:47:44","slug":"detienen-a-profesor-de-oaxaca-acusado-de-pederastia","status":"publish","type":"post","link":"https:\/\/zonaroja.com.mx\/?p=44180","title":{"rendered":"Detienen a profesor de Oaxaca acusado de pederastia"},"content":{"rendered":"\n<p>Redacci\u00f3n\/Zona Roja.<\/p>\n\n\n\n<p>Oaxaca de Ju\u00e1rez, Oax., 3 de agosto de 2022.- La Fiscal\u00eda General del Estado de Oaxaca (FGEO) obtuvo, del Juzgado de Control, auto de vinculaci\u00f3n a proceso contra la persona del sexo masculino identificada como H. F. C. A. -quien se desempe\u00f1aba como profesor- probable responsable del delito de pederastia en agravio de una menor de edad, cometido en jurisdicci\u00f3n de Santiago Amoltepec, en la regi\u00f3n de la Sierra Sur.<\/p>\n\n\n\n<p>De acuerdo con los hechos asentados en la causa penal 92\/2022, el imputado probablemente agredi\u00f3 de manera sexual a una ni\u00f1a, cuando se desempe\u00f1aba como profesor en una Instituci\u00f3n educativa ubicada en Santiago Amoltepec.<\/p>\n\n\n\n<p>Luego de la denuncia presentada, la Instituci\u00f3n de procuraci\u00f3n de justicia inici\u00f3 una exhaustiva investigaci\u00f3n, logrando identificar, aprehender y presentar al imputado ante el Juez de Control.<\/p>\n\n\n\n<p>En audiencia y tras validar los datos probatorios proporcionados por la Vicefiscal\u00eda General de Control Regional, el Juez de la causa determin\u00f3 vincular a proceso a H. F. C. A., imponiendo la medida cautelar de prisi\u00f3n preventiva oficiosa.&nbsp;<\/p>\n\n\n\n<p>DETENIDO EN BC<\/p>\n\n\n\n<p>En otro caso, la Fiscal\u00eda General logr\u00f3 aprehender a la persona del sexo masculino identificada como A. C. o A. C. M., alias \u201cPeluche\u201d, probable responsable del delito de secuestro agravado en contra de cuatro migrantes de nacionalidad hondure\u00f1a -cuya identidad es reservada por ley-, cometido en junio de 2019, en jurisdicci\u00f3n de Santo Domingo Zanatepec, regi\u00f3n del Istmo de Tehuantepec; con este imputado ya son tres personas quienes se encuentran sujetas a proceso penal por este caso.<\/p>\n\n\n\n<p>El pasado 29 de julio del a\u00f1o en curso, en la ciudad de Tijuana, en el estado de Baja California, la FGEO, en colaboraci\u00f3n con la Polic\u00eda Federal Ministerial de Baja California, logr\u00f3 la aprehensi\u00f3n del probable plagiario involucrado en este delito.<\/p>\n\n\n\n<p>De acuerdo con la causa penal 308\/2019, el 8 de junio de 2019, las v\u00edctimas pretend\u00edan evadir un m\u00f3dulo de migraci\u00f3n ubicado en Ciudad Ixtepec cuando fueron interceptadas por un grupo de sujetos armados -entre ellos el imputado- quienes las secuestraron y trasladaron a una casa de seguridad ubicada en el Rancho \u201cEl Chepe Negro\u201d, perteneciente al municipio de Santo Domingo Zanatepec.<\/p>\n\n\n\n<p>Por estos hechos, la Fiscal\u00eda General -a trav\u00e9s de la Fiscal\u00eda Especializada en Atenci\u00f3n a Delitos de Alto Impacto- comenz\u00f3 con las investigaciones pertinentes que permitieron localizar y aprehender en primera instancia a U. R. S., que tras ser vinculado a proceso, en el mes de junio del a\u00f1o en curso fue sentenciado a 130 a\u00f1os de prisi\u00f3n.<\/p>\n\n\n\n<p>Luego de ser presentado ante la autoridad judicial que lo requiri\u00f3, la defensa del imputado A. C. o A. C. M., alias \u201cPeluche\u201d se acogi\u00f3 al t\u00e9rmino constitucional ampliado, mismo que fenece el pr\u00f3ximo 6 de agosto de 2022, quedando en tanto en prisi\u00f3n preventiva de manera provisional.<\/p>\n\n\n\n<p>ABUS\u00d3 DE NI\u00d1A<\/p>\n\n\n\n<p>Por otra parte, en puntual seguimiento al caso, la Fiscal\u00eda General del Estado de Oaxaca (FGEO) obtuvo auto de vinculaci\u00f3n a proceso contra la persona del sexo masculino identificado como F. R. R., probable responsable del delito abuso sexual agravado en contra de una ni\u00f1a -de identidad reservada por ley-, cometido en octubre de 2019, en jurisdicci\u00f3n de Ciudad Ixtepec, en la regi\u00f3n del Istmo de Tehuantepec.<\/p>\n\n\n\n<p>De acuerdo con la causa penal 440\/2019, los hechos ocurrieron el 11 de octubre de 2019, cuando el imputado probablemente agredi\u00f3 de manera sexual a la v\u00edctima.<\/p>\n\n\n\n<p>Ante estos hechos y tras la denuncia presentada, la instituci\u00f3n de procuraci\u00f3n de justicia atrajo la investigaci\u00f3n -a trav\u00e9s del Centro de Justicia para las Mujeres (CEJUM-ISTMO) -, logrando identificar y aprehender al probable responsable el pasado 21 de julio del a\u00f1o en curso.<\/p>\n\n\n\n<p>En audiencia y tras validar los datos de prueba proporcionados por la FGEO, el Juez en turno determin\u00f3 vincular a proceso a F. R. R., imponiendo la medida cautelar de prisi\u00f3n preventiva oficiosa y otorg\u00f3 un mes para el cierre de investigaci\u00f3n complementaria.<\/p>\n\n\n\n<p>DETENIDO POR VIOLENCIA<\/p>\n\n\n\n<p>Mientras tanto, la Fiscal\u00eda General del Estado de Oaxaca (FGEO) obtuvo, del Juzgado de Control, auto de vinculaci\u00f3n a proceso contra la persona del sexo masculino de nombre A. M. B., se\u00f1alado como probable responsable del delito de violencia familiar en agravio de una mujer identificada como M. B. H., cometido en San Pedro y San Pablo Teposcolula, en la regi\u00f3n de la Mixteca.<\/p>\n\n\n\n<p>Cabe mencionar que, el probable responsable&nbsp;fue detenido en flagrancia por integrantes de la Agencia Estatal de Investigaciones (AEI) quienes lo pusieron a disposici\u00f3n de la autoridad correspondiente.<\/p>\n\n\n\n<p>De acuerdo con la causa penal 156\/2022, el 21 de julio de 2022, el imputado agredi\u00f3 de manera f\u00edsica y verbal a la v\u00edctima cuando se encontraba en su domicilio particular ubicado en inmediaciones de la demarcaci\u00f3n antes mencionada.<\/p>\n\n\n\n<p>Ante este hecho, la Instituci\u00f3n de procuraci\u00f3n de justicia atrajo la investigaci\u00f3n -a trav\u00e9s de la Vicefiscal\u00eda Regional de la Mixteca-, logrando detener y presentar al imputado ante el Juez de la causa.<\/p>\n\n\n\n<p>En audiencia, el Juez en turno determin\u00f3 vincular a proceso al probable responsable e impuso la medida cautelar de prisi\u00f3n preventiva y concedi\u00f3 un mes para el cierre de investigaci\u00f3n complementaria.<\/p>\n","protected":false},"excerpt":{"rendered":"<p>Redacci\u00f3n\/Zona Roja. Oaxaca de Ju\u00e1rez, Oax., 3 de agosto de 2022.- La Fiscal\u00eda General del&hellip;<\/p>\n","protected":false},"author":2,"featured_media":44181,"comment_status":"closed","ping_status":"open","sticky":false,"template":"","format":"standard","meta":{"_lmt_disableupdate":"","_lmt_disable":"","_jetpack_memberships_contains_paid_content":false,"footnotes":""},"categories":[109,46],"tags":[494],"class_list":["post-44180","post","type-post","status-publish","format-standard","has-post-thumbnail","hentry","category-minuto-a-minuto","category-zona-blanca","tag-fiscalia-general-del-estado-de-oaxaca"],"jetpack_featured_media_url":"https:\/\/zonaroja.com.mx\/wp-content\/uploads\/2022\/08\/Pederastia.jpeg","jetpack_sharing_enabled":true,"_links":{"self":[{"href":"https:\/\/zonaroja.com.mx\/index.php?rest_route=\/wp\/v2\/posts\/44180","targetHints":{"allow":["GET"]}}],"collection":[{"href":"https:\/\/zonaroja.com.mx\/index.php?rest_route=\/wp\/v2\/posts"}],"about":[{"href":"https:\/\/zonaroja.com.mx\/index.php?rest_route=\/wp\/v2\/types\/post"}],"author":[{"embeddable":true,"href":"https:\/\/zonaroja.com.mx\/index.php?rest_route=\/wp\/v2\/users\/2"}],"replies":[{"embeddable":true,"href":"https:\/\/zonaroja.com.mx\/index.php?rest_route=%2Fwp%2Fv2%2Fcomments&post=44180"}],"version-history":[{"count":1,"href":"https:\/\/zonaroja.com.mx\/index.php?rest_route=\/wp\/v2\/posts\/44180\/revisions"}],"predecessor-version":[{"id":44182,"href":"https:\/\/zonaroja.com.mx\/index.php?rest_route=\/wp\/v2\/posts\/44180\/revisions\/44182"}],"wp:featuredmedia":[{"embeddable":true,"href":"https:\/\/zonaroja.com.mx\/index.php?rest_route=\/wp\/v2\/media\/44181"}],"wp:attachment":[{"href":"https:\/\/zonaroja.com.mx\/index.php?rest_route=%2Fwp%2Fv2%2Fmedia&parent=44180"}],"wp:term":[{"taxonomy":"category","embeddable":true,"href":"https:\/\/zonaroja.com.mx\/index.php?rest_route=%2Fwp%2Fv2%2Fcategories&post=44180"},{"taxonomy":"post_tag","embeddable":true,"href":"https:\/\/zonaroja.com.mx\/index.php?rest_route=%2Fwp%2Fv2%2Ftags&post=44180"}],"curies":[{"name":"wp","href":"https:\/\/api.w.org\/{rel}","templated":true}]}}