{"id":44183,"date":"2022-08-03T11:48:00","date_gmt":"2022-08-03T16:48:00","guid":{"rendered":"http:\/\/www.zonaroja.com.mx\/?p=44183"},"modified":"2022-08-03T06:53:48","modified_gmt":"2022-08-03T11:53:48","slug":"opinion-confrontacion-improductiva","status":"publish","type":"post","link":"https:\/\/zonaroja.com.mx\/?p=44183","title":{"rendered":"Opini\u00f3n. Confrontaci\u00f3n improductiva"},"content":{"rendered":"\n<p>Gibr\u00e1n Ram\u00edrez Reyes*<\/p>\n\n\n\n<p>Como si no quedaran solo dos a\u00f1os de gobierno, AMLO sigue atrapado en 2018, confrontando ret\u00f3ricamente a los poderes del neoliberalismo. El problema no es te\u00f3rico. El Poder con may\u00fascula no se reduce al poder pol\u00edtico y es posible desde el gobierno seguir manteniendo un discurso rebelde, pues conseguir el poder gubernamental no implica la totalidad del poder pol\u00edtico y, mucho menos, del poder en general.&nbsp;<\/p>\n\n\n\n<p>El problema del actual gobierno, su imposibilidad de ser democratizador en el sentido de los grandes populismos, es que su rebeld\u00eda y confrontaci\u00f3n al poder no deja de ser ret\u00f3rica ocupada de los adversarios del m\u00e1s bajo nivel.&nbsp;<\/p>\n\n\n\n<p>El pleito de L\u00f3pez Obrador no ha sido con los grandes medios de comunicaci\u00f3n, a quienes ha cedido incluso los tiempos fiscales, o contra el poder econ\u00f3mico m\u00e1s all\u00e1 de gestos de decencia como el cobro de impuestos atrasados.&nbsp;<\/p>\n\n\n\n<p>Ha sucedido, eso s\u00ed, el fin de algunos privilegios, como la condonaci\u00f3n de impuestos a grandes contribuyentes o la reducci\u00f3n del subsidio disfrazado de publicidad a los grandes medios de comunicaci\u00f3n.&nbsp;<\/p>\n\n\n\n<p>Pero, en general, los de arriba est\u00e1n contentos y m\u00e1s ricos que antes. La confrontaci\u00f3n de AMLO ha sido, m\u00e1s bien, con los representantes pol\u00edticos de esos grandes intereses, pol\u00edticos y comunicadores que ha exhibido como incompetentes, viscerales, carentes de imaginaci\u00f3n y amargados.&nbsp;<\/p>\n\n\n\n<p>En el fondo, ha competido \u2013con \u00e9xito\u2014 contra los viejos partidos por monopolizar la representaci\u00f3n pol\u00edtica de los oligarcas con un plus: estabilidad pol\u00edtica y gobernabilidad proveniente de la representaci\u00f3n simb\u00f3lica de los de abajo.&nbsp;<\/p>\n\n\n\n<p>As\u00ed, el secreto de la gobernabilidad obradorista es la concordia con los de abajo y los de arriba, al mismo tiempo que estos sectores aparecen artificialmente confrontados.&nbsp;<\/p>\n\n\n\n<p>Para cobrar algunos miles de millones de impuestos atrasados y disminuir las pautas publicitarias del gobierno federal en los grandes medios de comunicaci\u00f3n no hac\u00eda falta una ret\u00f3rica de cuarta transformaci\u00f3n de la vida p\u00fablica.&nbsp;<\/p>\n\n\n\n<p>Para constitucionalizar un par de programas sociales, no hac\u00eda falta decir que se iban a extirpar los c\u00e1nceres de la vida p\u00fablica. No hac\u00eda falta tanta ret\u00f3rica magn\u00edfica ni anunciar el fin de la corrupci\u00f3n solo para derrotar electoralmente al PRI y al PAN \u2013muchas veces incorporando a sus cuadros a nuestras filas.&nbsp;<\/p>\n\n\n\n<p>Si no se intentaba cambiar nada en su Ley Org\u00e1nica, no hac\u00eda falta confrontar a la UNAM; si no se les iba a combatir intelectualmente con sistematicidad y no se iba a plantear un nuevo proyecto cultural tampoco hac\u00eda falta descalificar sin m\u00e1s el debate con los intelectuales del viejo r\u00e9gimen, con los que el presidente habr\u00eda podido dialogar y construir su oposici\u00f3n \u2013a la usanza del gran L\u00e1zaro C\u00e1rdenas\u2014 si realmente hubiera aspirado a construir un nuevo r\u00e9gimen.&nbsp;<\/p>\n\n\n\n<p>Las tareas de transformaci\u00f3n han resultado en su mayor\u00eda fallidas. Las tareas de gobierno se han desatendido. El fervor, pasi\u00f3n y dinero con que los poderes disputan las consejer\u00edas estatales de Morena no tiene que ver con entusiasmo por la organizaci\u00f3n popular, sino todo lo contrario: se ha vuelto la apuesta m\u00e1s segura para poderes y cacicazgos locales, pero tambi\u00e9n para grandes empresarios.&nbsp;<\/p>\n\n\n\n<p>Arriba las cosas siguen bien; abajo, peor, pero ahora con una ret\u00f3rica tranquilizante y que avanza electoralmente mientras calla a sus disidencias.&nbsp;<\/p>\n\n\n\n<p>*Doctor en ciencia pol\u00edtica por la UNAM.<\/p>\n\n\n\n<p>@gibranrr&nbsp;<\/p>\n","protected":false},"excerpt":{"rendered":"<p>Gibr\u00e1n Ram\u00edrez Reyes* Como si no quedaran solo dos a\u00f1os de gobierno, AMLO sigue atrapado&hellip;<\/p>\n","protected":false},"author":2,"featured_media":41734,"comment_status":"closed","ping_status":"open","sticky":false,"template":"","format":"standard","meta":{"_lmt_disableupdate":"","_lmt_disable":"","_jetpack_memberships_contains_paid_content":false,"footnotes":""},"categories":[456,109],"tags":[2489],"class_list":["post-44183","post","type-post","status-publish","format-standard","has-post-thumbnail","hentry","category-columna","category-minuto-a-minuto","tag-gibran-ramirez-reyes"],"jetpack_featured_media_url":"https:\/\/zonaroja.com.mx\/wp-content\/uploads\/2022\/05\/Opinion-Gibran-Ramirez-Reyes.jpg","jetpack_sharing_enabled":true,"_links":{"self":[{"href":"https:\/\/zonaroja.com.mx\/index.php?rest_route=\/wp\/v2\/posts\/44183","targetHints":{"allow":["GET"]}}],"collection":[{"href":"https:\/\/zonaroja.com.mx\/index.php?rest_route=\/wp\/v2\/posts"}],"about":[{"href":"https:\/\/zonaroja.com.mx\/index.php?rest_route=\/wp\/v2\/types\/post"}],"author":[{"embeddable":true,"href":"https:\/\/zonaroja.com.mx\/index.php?rest_route=\/wp\/v2\/users\/2"}],"replies":[{"embeddable":true,"href":"https:\/\/zonaroja.com.mx\/index.php?rest_route=%2Fwp%2Fv2%2Fcomments&post=44183"}],"version-history":[{"count":1,"href":"https:\/\/zonaroja.com.mx\/index.php?rest_route=\/wp\/v2\/posts\/44183\/revisions"}],"predecessor-version":[{"id":44184,"href":"https:\/\/zonaroja.com.mx\/index.php?rest_route=\/wp\/v2\/posts\/44183\/revisions\/44184"}],"wp:featuredmedia":[{"embeddable":true,"href":"https:\/\/zonaroja.com.mx\/index.php?rest_route=\/wp\/v2\/media\/41734"}],"wp:attachment":[{"href":"https:\/\/zonaroja.com.mx\/index.php?rest_route=%2Fwp%2Fv2%2Fmedia&parent=44183"}],"wp:term":[{"taxonomy":"category","embeddable":true,"href":"https:\/\/zonaroja.com.mx\/index.php?rest_route=%2Fwp%2Fv2%2Fcategories&post=44183"},{"taxonomy":"post_tag","embeddable":true,"href":"https:\/\/zonaroja.com.mx\/index.php?rest_route=%2Fwp%2Fv2%2Ftags&post=44183"}],"curies":[{"name":"wp","href":"https:\/\/api.w.org\/{rel}","templated":true}]}}