{"id":44190,"date":"2022-08-03T07:42:35","date_gmt":"2022-08-03T12:42:35","guid":{"rendered":"http:\/\/www.zonaroja.com.mx\/?p=44190"},"modified":"2022-08-03T07:42:36","modified_gmt":"2022-08-03T12:42:36","slug":"cerrara-el-15-de-agosto-registro-de-solicitudes-a-maestria-en-derecho-judicial","status":"publish","type":"post","link":"https:\/\/zonaroja.com.mx\/?p=44190","title":{"rendered":"Cerrar\u00e1 el 15 de agosto registro de solicitudes a maestr\u00eda en Derecho Judicial"},"content":{"rendered":"\n<p>Redacci\u00f3n\/Zona Roja.<\/p>\n\n\n\n<p>Oaxaca de Ju\u00e1rez, Oax., 3 de agosto de 2022.- Dise\u00f1ada conjuntamente por el Poder Judicial del Estado de Oaxaca, a trav\u00e9s de la Escuela Judicial, en colaboraci\u00f3n acad\u00e9mica con el Departamento de Derecho de la Universidad de Perugia, Italia, la Maestr\u00eda en Derecho Judicial dirigida a magistradas, magistrados, juezas, jueces y dem\u00e1s operadores jurisdiccionales de los poderes judiciales de la Rep\u00fablica Mexicana y de Latinoam\u00e9rica, se impartir\u00e1 en tres idiomas: espa\u00f1ol, ingl\u00e9s e italiano.&nbsp;<\/p>\n\n\n\n<p>Al informar lo anterior, el coordinador acad\u00e9mico de los estudios especializados, doctor Mario \u00c1lvarez Ledesma se\u00f1al\u00f3 que, al concluir la maestr\u00eda, las y los juzgadores van a ser otros, \u201cmejores personas, m\u00e1s abiertos al mundo, actualizados y con una sensibilidad m\u00e1s desarrollada de lo que significa hacer justicia en una democracia\u201d.<\/p>\n\n\n\n<p>El reconocido jurista, puntualiz\u00f3 que el Poder Judicial del Estado de Oaxaca y la Universidad de Perugia, Italia, contin\u00faan con la recepci\u00f3n de solicitudes de admisi\u00f3n para la Maestr\u00eda en Derecho Judicial, para la cual el Comit\u00e9 Acad\u00e9mico -integrado por prestigiados docentes-, revisa la documentaci\u00f3n de postulantes a fin de efectuar la selecci\u00f3n de quienes iniciar\u00e1n los estudios especializados el pr\u00f3ximo mes de septiembre.&nbsp;<\/p>\n\n\n\n<p>Manifest\u00f3 que como parte del plan de estudios, las y los alumnos realizar\u00e1n una estancia obligatoria de un mes en la sede de dicha universidad, una de las m\u00e1s antiguas de Europa y del mundo, incluida en el costo de los estudios.&nbsp;<\/p>\n\n\n\n<p>El posgrado,&nbsp;de naturaleza internacional,&nbsp;encaminado a la educaci\u00f3n y formaci\u00f3n de excelencia de&nbsp;juezas,&nbsp;jueces y dem\u00e1s operadores judiciales que pretendan emprender la Carrera Judicial, tendr\u00e1 una duraci\u00f3n de dos a\u00f1os e iniciar\u00e1 el uno de septiembre de 2022. &nbsp;Las sesiones de clase ser\u00e1n impartidas en forma mixta, es decir, presencial o a distancia, salvo los casos de sesiones transmitidas desde el extranjero que tendr\u00e1n que llevarse a cabo en forma virtual.<\/p>\n\n\n\n<p>El plazo para el registro de solicitudes de las y los interesados en ingresar ser\u00e1 hasta el 15 de agosto pr\u00f3ximo.&nbsp;Mayores informes se pueden solicitar al tel\u00e9fono 951 5016680 extensi\u00f3n 32022.<\/p>\n","protected":false},"excerpt":{"rendered":"<p>Redacci\u00f3n\/Zona Roja. Oaxaca de Ju\u00e1rez, Oax., 3 de agosto de 2022.- Dise\u00f1ada conjuntamente por el&hellip;<\/p>\n","protected":false},"author":2,"featured_media":44191,"comment_status":"closed","ping_status":"open","sticky":false,"template":"","format":"standard","meta":{"_lmt_disableupdate":"","_lmt_disable":"","_jetpack_memberships_contains_paid_content":false,"footnotes":""},"categories":[109,46],"tags":[223],"class_list":["post-44190","post","type-post","status-publish","format-standard","has-post-thumbnail","hentry","category-minuto-a-minuto","category-zona-blanca","tag-poder-judicial-de-oaxaca"],"jetpack_featured_media_url":"https:\/\/zonaroja.com.mx\/wp-content\/uploads\/2022\/08\/Poder-Judicial-Oaxaca.jpg","jetpack_sharing_enabled":true,"_links":{"self":[{"href":"https:\/\/zonaroja.com.mx\/index.php?rest_route=\/wp\/v2\/posts\/44190","targetHints":{"allow":["GET"]}}],"collection":[{"href":"https:\/\/zonaroja.com.mx\/index.php?rest_route=\/wp\/v2\/posts"}],"about":[{"href":"https:\/\/zonaroja.com.mx\/index.php?rest_route=\/wp\/v2\/types\/post"}],"author":[{"embeddable":true,"href":"https:\/\/zonaroja.com.mx\/index.php?rest_route=\/wp\/v2\/users\/2"}],"replies":[{"embeddable":true,"href":"https:\/\/zonaroja.com.mx\/index.php?rest_route=%2Fwp%2Fv2%2Fcomments&post=44190"}],"version-history":[{"count":1,"href":"https:\/\/zonaroja.com.mx\/index.php?rest_route=\/wp\/v2\/posts\/44190\/revisions"}],"predecessor-version":[{"id":44192,"href":"https:\/\/zonaroja.com.mx\/index.php?rest_route=\/wp\/v2\/posts\/44190\/revisions\/44192"}],"wp:featuredmedia":[{"embeddable":true,"href":"https:\/\/zonaroja.com.mx\/index.php?rest_route=\/wp\/v2\/media\/44191"}],"wp:attachment":[{"href":"https:\/\/zonaroja.com.mx\/index.php?rest_route=%2Fwp%2Fv2%2Fmedia&parent=44190"}],"wp:term":[{"taxonomy":"category","embeddable":true,"href":"https:\/\/zonaroja.com.mx\/index.php?rest_route=%2Fwp%2Fv2%2Fcategories&post=44190"},{"taxonomy":"post_tag","embeddable":true,"href":"https:\/\/zonaroja.com.mx\/index.php?rest_route=%2Fwp%2Fv2%2Ftags&post=44190"}],"curies":[{"name":"wp","href":"https:\/\/api.w.org\/{rel}","templated":true}]}}