{"id":44202,"date":"2022-08-03T12:32:00","date_gmt":"2022-08-03T17:32:00","guid":{"rendered":"http:\/\/www.zonaroja.com.mx\/?p=44202"},"modified":"2022-08-03T08:34:08","modified_gmt":"2022-08-03T13:34:08","slug":"la-sip-otorga-premio-in-memoriam-a-periodistas-asesinados-en-mexico","status":"publish","type":"post","link":"https:\/\/zonaroja.com.mx\/?p=44202","title":{"rendered":"La SIP otorga premio \u201cin memoriam\u201d a periodistas asesinados en M\u00e9xico"},"content":{"rendered":"\n<p>Redacci\u00f3n\/Zona Roja Cdmx.<\/p>\n\n\n\n<p>Ciudad de M\u00e9xico, 3 de agosto de 2022.- La Sociedad Interamericana de Prensa (SIP) otorg\u00f3 el Gran Premio a la Libertad de Prensa \u201cin memoriam\u201d a los 13 periodistas mexicanos asesinados desde octubre pasado hasta la fecha, al anunciar a los ganadores de los premios a la Excelencia Period\u00edstica 2022, entre los cuales est\u00e1 la Agencia EFE.<\/p>\n\n\n\n<p>El premio a la Cobertura Noticiosa fue para un Colectivo de periodistas de la Agencia EFE \u201cpor dar cobertura, durante varios meses y mediante combinaci\u00f3n de fotograf\u00edas, videos y textos, a la erupci\u00f3n volc\u00e1nica en La Palma, Islas Canarias, desde una perspectiva polivalente en la que sobresale el drama humano\u201d.<\/p>\n\n\n\n<p>Los trabajos premiados, seleccionados entre m\u00e1s de mil postulaciones, incluyen a periodistas de Argentina, Brasil, Colombia, Chile, Espa\u00f1a, Estados Unidos, M\u00e9xico, Panam\u00e1, Per\u00fa, Rep\u00fablica Dominicana, Uruguay y Venezuela.<\/p>\n\n\n\n<p>La entrega de premios se realizar\u00e1 durante una ceremonia especial que se llevar\u00e1 a cabo el 28 de octubre en Madrid durante la 78 Asamblea General de la SIP.<\/p>\n\n\n\n<p>\u201cEl ejercicio del periodismo es un trabajo riesgoso, pero en ning\u00fan lugar de nuestra Am\u00e9rica lo es tanto como en M\u00e9xico. Este premio p\u00f3stumo a 13 colegas que dieron la vida por informar verazmente es m\u00e1s que merecido\u201d, afirm\u00f3 la presidenta de la Comisi\u00f3n de Premios de la SIP, Leonor Mulero.<\/p>\n\n\n\n<p>Los galardonados a t\u00edtulo p\u00f3stumo con el Gran Premio a la Libertad de Prensa este a\u00f1o son Sheila Johana Garc\u00eda Olivera, Yessenia Mollinedo Falconi, Luis Enrique Ram\u00edrez, Armando Linares, Juan Carlos Mu\u00f1iz, Jorge Camero, Heber L\u00f3pez V\u00e1squez, Roberto Toledo, Lourdes Maldonado, Margarito Mart\u00ednez, Jos\u00e9 Luis Gamboa, Alfredo Cardoso Echeverr\u00eda y Fredy L\u00f3pez Ar\u00e9valo.<\/p>\n\n\n\n<p>En cuanto a los trabajos que recibir\u00e1n los Premios a la Excelencia Period\u00edstica, Mulero se\u00f1al\u00f3 que \u201crepresentan la raz\u00f3n de ser del periodismo como instrumento esencial para informar y educar al p\u00fablico, as\u00ed como para denunciar a los males de la sociedad\u201d.<\/p>\n\n\n\n<p>El primer premio en cada categor\u00eda consiste en un diploma, adem\u00e1s de 2 mil d\u00f3lares. Adem\u00e1s, hay menciones honor\u00edficas en cada categor\u00eda.<\/p>\n\n\n\n<p>(Informaci\u00f3n de la agencia EFE)<\/p>\n","protected":false},"excerpt":{"rendered":"<p>Redacci\u00f3n\/Zona Roja Cdmx. Ciudad de M\u00e9xico, 3 de agosto de 2022.- La Sociedad Interamericana de&hellip;<\/p>\n","protected":false},"author":2,"featured_media":44203,"comment_status":"closed","ping_status":"open","sticky":false,"template":"","format":"standard","meta":{"_lmt_disableupdate":"","_lmt_disable":"","_jetpack_memberships_contains_paid_content":false,"footnotes":""},"categories":[109,46],"tags":[827],"class_list":["post-44202","post","type-post","status-publish","format-standard","has-post-thumbnail","hentry","category-minuto-a-minuto","category-zona-blanca","tag-sociedad-interamericana-de-prensa"],"jetpack_featured_media_url":"https:\/\/zonaroja.com.mx\/wp-content\/uploads\/2022\/08\/Sociedad-Interamericana-de-Prensa-SIP.jpeg","jetpack_sharing_enabled":true,"_links":{"self":[{"href":"https:\/\/zonaroja.com.mx\/index.php?rest_route=\/wp\/v2\/posts\/44202","targetHints":{"allow":["GET"]}}],"collection":[{"href":"https:\/\/zonaroja.com.mx\/index.php?rest_route=\/wp\/v2\/posts"}],"about":[{"href":"https:\/\/zonaroja.com.mx\/index.php?rest_route=\/wp\/v2\/types\/post"}],"author":[{"embeddable":true,"href":"https:\/\/zonaroja.com.mx\/index.php?rest_route=\/wp\/v2\/users\/2"}],"replies":[{"embeddable":true,"href":"https:\/\/zonaroja.com.mx\/index.php?rest_route=%2Fwp%2Fv2%2Fcomments&post=44202"}],"version-history":[{"count":1,"href":"https:\/\/zonaroja.com.mx\/index.php?rest_route=\/wp\/v2\/posts\/44202\/revisions"}],"predecessor-version":[{"id":44204,"href":"https:\/\/zonaroja.com.mx\/index.php?rest_route=\/wp\/v2\/posts\/44202\/revisions\/44204"}],"wp:featuredmedia":[{"embeddable":true,"href":"https:\/\/zonaroja.com.mx\/index.php?rest_route=\/wp\/v2\/media\/44203"}],"wp:attachment":[{"href":"https:\/\/zonaroja.com.mx\/index.php?rest_route=%2Fwp%2Fv2%2Fmedia&parent=44202"}],"wp:term":[{"taxonomy":"category","embeddable":true,"href":"https:\/\/zonaroja.com.mx\/index.php?rest_route=%2Fwp%2Fv2%2Fcategories&post=44202"},{"taxonomy":"post_tag","embeddable":true,"href":"https:\/\/zonaroja.com.mx\/index.php?rest_route=%2Fwp%2Fv2%2Ftags&post=44202"}],"curies":[{"name":"wp","href":"https:\/\/api.w.org\/{rel}","templated":true}]}}