{"id":44213,"date":"2022-08-03T21:00:29","date_gmt":"2022-08-04T02:00:29","guid":{"rendered":"http:\/\/www.zonaroja.com.mx\/?p=44213"},"modified":"2022-08-03T21:00:31","modified_gmt":"2022-08-04T02:00:31","slug":"protestas-incesantes-en-oaxaca-llegan-de-nuevo-a-la-camara-de-diputados","status":"publish","type":"post","link":"https:\/\/zonaroja.com.mx\/?p=44213","title":{"rendered":"Protestas incesantes en Oaxaca; llegan de nuevo a la C\u00e1mara de Diputados"},"content":{"rendered":"\n<p>Yuridiana Sosa\/Zona Roja.<\/p>\n\n\n\n<p>Oaxaca de Ju\u00e1rez, Oax., a 3 de agosto de 2022.- Habitantes y autoridades de Ayoquezco de Aldama se manifestaron a las puertas del Congreso de Oaxaca para exigir justicia sobre la violencia pol\u00edtica por raz\u00f3n de g\u00e9nero contra regidoras por parte del edil y un regidor, de quienes esperan la revocaci\u00f3n de mandato.<\/p>\n\n\n\n<p>Los inconformes y afectadas se\u00f1alaron apat\u00eda del Congreso estatal e intereses pol\u00edticos para dar fin a una resoluci\u00f3n del Tribunal Electoral de Oaxaca, en especial de la Comisi\u00f3n de Gobernaci\u00f3n, que no ha firmado el dictamen para la desaparici\u00f3n de poderes.<\/p>\n\n\n\n<p>Las violaciones del edil Manuel Ortiz Quintero y el regidor Mauricio Ricardo Ortega Vera se han denunciado desde el 2020 y tras varios meses del proceso, el Tribunal Electoral del Estado de Oaxaca (TEEO) acredit\u00f3 los agravios cometidos por el regidor en contra de la funcionaria municipal, denunciados en el expediente JDCI\/64\/2020.<\/p>\n\n\n\n<p>En diciembre de 2021, la 65 Legislatura de Oaxaca autoriz\u00f3 con 37 votos el inicio para el proceso de revocaci\u00f3n de mandato del regidor de Agricultura, Aguas, y Panteones, del de Ayoquezco de Aldama, Mauricio Ricardo Ortega Vera.<\/p>\n\n\n\n<figure class=\"wp-block-embed is-type-rich is-provider-twitter wp-block-embed-twitter\"><div class=\"wp-block-embed__wrapper\">\n<div class=\"twitter-tweet\"><blockquote class=\"twitter-tweet\" data-lang=\"es\"><p lang=\"es\" dir=\"ltr\"><a href=\"https:\/\/twitter.com\/hashtag\/%C3%9AltimoMinuto?src=hash&amp;ref_src=twsrc%5Etfw\">#\u00daltimoMinuto<\/a> <br>Habitantes de Ayoquezco de Aldama protestan en el exterior de la sede del <a href=\"https:\/\/twitter.com\/CongresoOaxaca_?ref_src=twsrc%5Etfw\">@CongresoOaxaca_<\/a>.<br>Acusan negligencia de la diputada pri\u00edsta <a href=\"https:\/\/twitter.com\/lizconcha?ref_src=twsrc%5Etfw\">@lizconcha<\/a> y de la Comisi\u00f3n de Gobernaci\u00f3n para que se dictamine desaparici\u00f3n de poderes. <a href=\"https:\/\/t.co\/iHe1JJabdx\">pic.twitter.com\/iHe1JJabdx<\/a><\/p>&mdash; Zona Roja Oaxaca (@ZonaRoja_Oaxaca) <a href=\"https:\/\/twitter.com\/ZonaRoja_Oaxaca\/status\/1554875077400973314?ref_src=twsrc%5Etfw\">3 de agosto de 2022<\/a><\/blockquote><\/div>\n<\/div><\/figure>\n\n\n\n<p>El proyecto de decreto se estableci\u00f3 que el Congreso de Oaxaca est\u00e1 en la facultad de anular el mandato y sancionar a quienes ejercen violencia contra las mujeres.<\/p>\n\n\n\n<p>Tras varios minutos de manifestaci\u00f3n, la diputada del PRI Lizbeth Concha Ojeda, presidenta de la comisi\u00f3n, Permanente de Gobernaci\u00f3n y Asuntos Agrarios, atendi\u00f3 a los habitantes de manera informal en el patio del Congreso.<\/p>\n\n\n\n<p>Apunt\u00f3 que el dictamen est\u00e1 listo y solo falta la firma de los integrantes de Comisi\u00f3n de Gobernaci\u00f3n, el cual deber\u00e1 pasar al pleno para su aprobaci\u00f3n, lo cual podr\u00eda ocurrir en una o dos semanas.<\/p>\n\n\n\n<p>RECHAZADOS GANAN<\/p>\n\n\n\n<p>Por otra parte, tras m\u00faltiples protestas por j\u00f3venes aspirantes y rechazados de la Universidad Aut\u00f3noma \u201cBenito Ju\u00e1rez\u201d de Oaxaca (UABJO), el rector Cristian \u00c9der Carre\u00f1o L\u00f3pez cedi\u00f3 los primeros 30 espacios de los 50 que demandaron.<\/p>\n\n\n\n<figure class=\"wp-block-embed is-type-rich is-provider-twitter wp-block-embed-twitter\"><div class=\"wp-block-embed__wrapper\">\n<div class=\"twitter-tweet\"><blockquote class=\"twitter-tweet\" data-lang=\"es\"><p lang=\"es\" dir=\"ltr\"><a href=\"https:\/\/twitter.com\/hashtag\/%C3%9AltimoMinuto?src=hash&amp;ref_src=twsrc%5Etfw\">#\u00daltimoMinuto<\/a> <br>Tras presiones, incluyendo una huelga de hambre de 24 horas, el rector <a href=\"https:\/\/twitter.com\/RectorCristian?ref_src=twsrc%5Etfw\">@RectorCristian<\/a> cedi\u00f3 30 lugares para aspirantes a ingresar a la <a href=\"https:\/\/twitter.com\/UABJO?ref_src=twsrc%5Etfw\">@UABJO<\/a>, seg\u00fan informaron los propios inconformes. <a href=\"https:\/\/t.co\/1kdkIqtSy9\">pic.twitter.com\/1kdkIqtSy9<\/a><\/p>&mdash; Zona Roja Oaxaca (@ZonaRoja_Oaxaca) <a href=\"https:\/\/twitter.com\/ZonaRoja_Oaxaca\/status\/1554906225707565059?ref_src=twsrc%5Etfw\">3 de agosto de 2022<\/a><\/blockquote><\/div>\n<\/div><\/figure>\n\n\n\n<p>Los j\u00f3venes, respaldados por la Uni\u00f3n de la Juventud Revolucionaria de M\u00e9xico (UJRM) apuntaron que tras la huelga de hambre que instalaron ayer frente a rector\u00eda lograron una mesa de dialogo, en la que la autoridad acad\u00e9mica les prometi\u00f3 30 lugares, pero estar\u00e1n insistentes en que se cumpla de forma gratuita.&nbsp;<\/p>\n\n\n\n<p>LEVANTAN BLOQUEO<\/p>\n\n\n\n<p>Por otra parte, luego de varias horas de di\u00e1logo, recolectores de basura del servicio privado retiraron sus bloqueos a calles aleda\u00f1as a la sede del gobierno municipal de Oaxaca de Ju\u00e1rez.<\/p>\n\n\n\n<p>Instalaron los cierres de vialidades desde las seis de la ma\u00f1ana y cerca de las 10:00 de la ma\u00f1ana vertieron camiones de desechos en la Plaza de la Danza y el interior de la sede municipal; alrededor del mediod\u00eda los atendi\u00f3 el edil Francisco Mart\u00ednez Neri.<\/p>\n\n\n\n<p>Finalmente se retiraron de las calles aproximadamente a las 17:00 horas, pero sin que se dieran a conocer los acuerdos y sin llevarse la basura que derramaron, misma que fue levantada por trabajadores de limpia afiliados al Sindicato \u201c3 de Marzo\u201d.<\/p>\n","protected":false},"excerpt":{"rendered":"<p>Yuridiana Sosa\/Zona Roja. Oaxaca de Ju\u00e1rez, Oax., a 3 de agosto de 2022.- Habitantes y&hellip;<\/p>\n","protected":false},"author":2,"featured_media":44214,"comment_status":"closed","ping_status":"open","sticky":false,"template":"","format":"standard","meta":{"_lmt_disableupdate":"","_lmt_disable":"","_jetpack_memberships_contains_paid_content":false,"footnotes":""},"categories":[109,47],"tags":[2254],"class_list":["post-44213","post","type-post","status-publish","format-standard","has-post-thumbnail","hentry","category-minuto-a-minuto","category-zona-gris","tag-protestas-y-bloqueos-oaxaca"],"jetpack_featured_media_url":"https:\/\/zonaroja.com.mx\/wp-content\/uploads\/2022\/08\/Protesta-Ayoquezco-Congreso-de-Oaxaca.jpg","jetpack_sharing_enabled":true,"_links":{"self":[{"href":"https:\/\/zonaroja.com.mx\/index.php?rest_route=\/wp\/v2\/posts\/44213","targetHints":{"allow":["GET"]}}],"collection":[{"href":"https:\/\/zonaroja.com.mx\/index.php?rest_route=\/wp\/v2\/posts"}],"about":[{"href":"https:\/\/zonaroja.com.mx\/index.php?rest_route=\/wp\/v2\/types\/post"}],"author":[{"embeddable":true,"href":"https:\/\/zonaroja.com.mx\/index.php?rest_route=\/wp\/v2\/users\/2"}],"replies":[{"embeddable":true,"href":"https:\/\/zonaroja.com.mx\/index.php?rest_route=%2Fwp%2Fv2%2Fcomments&post=44213"}],"version-history":[{"count":1,"href":"https:\/\/zonaroja.com.mx\/index.php?rest_route=\/wp\/v2\/posts\/44213\/revisions"}],"predecessor-version":[{"id":44215,"href":"https:\/\/zonaroja.com.mx\/index.php?rest_route=\/wp\/v2\/posts\/44213\/revisions\/44215"}],"wp:featuredmedia":[{"embeddable":true,"href":"https:\/\/zonaroja.com.mx\/index.php?rest_route=\/wp\/v2\/media\/44214"}],"wp:attachment":[{"href":"https:\/\/zonaroja.com.mx\/index.php?rest_route=%2Fwp%2Fv2%2Fmedia&parent=44213"}],"wp:term":[{"taxonomy":"category","embeddable":true,"href":"https:\/\/zonaroja.com.mx\/index.php?rest_route=%2Fwp%2Fv2%2Fcategories&post=44213"},{"taxonomy":"post_tag","embeddable":true,"href":"https:\/\/zonaroja.com.mx\/index.php?rest_route=%2Fwp%2Fv2%2Ftags&post=44213"}],"curies":[{"name":"wp","href":"https:\/\/api.w.org\/{rel}","templated":true}]}}