{"id":44230,"date":"2022-08-04T07:27:57","date_gmt":"2022-08-04T12:27:57","guid":{"rendered":"http:\/\/www.zonaroja.com.mx\/?p=44230"},"modified":"2022-08-04T07:27:59","modified_gmt":"2022-08-04T12:27:59","slug":"el-2022-ano-mas-mortifero-para-la-prensa-matan-a-otro-periodista","status":"publish","type":"post","link":"https:\/\/zonaroja.com.mx\/?p=44230","title":{"rendered":"El 2022, a\u00f1o m\u00e1s mort\u00edfero para la prensa; matan a otro periodista"},"content":{"rendered":"\n<p>Redacci\u00f3n\/Zona Roja Cdmx.<\/p>\n\n\n\n<p>Ciudad de M\u00e9xico, 4 de agosto de 2022.- El periodista Ernesto M\u00e9ndez, director del peri\u00f3dico \u201cTu Voz\u201d, fue asesinado la noche del martes en San Luis de la Paz, Guanajuato, cuando un comando armando irrumpi\u00f3 en un bar propiedad de su familia.<\/p>\n\n\n\n<p>Este crimen es el asesinato n\u00famero 13 cometido contra un periodista en M\u00e9xico en lo que va del 2022, de acuerdo con datos de Art\u00edculo 19, organizaci\u00f3n independiente que promueve y defiende los derechos de libertad de expresi\u00f3n.<\/p>\n\n\n\n<p>\u201cCon Ernesto, suman 13 asesinatos de periodistas en 2022, y por lo menos 9 con v\u00ednculo con la labor. Por lo que exigimos al Estado Mexicano actuar de manera urgente para frenar este fen\u00f3meno y nos unimos al dolor de la familia, amigxs y colegas de Ernesto\u201d, reclam\u00f3 Art\u00edculo 19 en redes sociales.<\/p>\n\n\n\n<p>El 2022 es ya el a\u00f1o m\u00e1s mort\u00edfero en lo que va del sexenio del presidente Andr\u00e9s Manuel L\u00f3pez Obrador, y es tambi\u00e9n el a\u00f1o m\u00e1s mort\u00edfero de los \u00faltimos 22 a\u00f1os; es decir, desde que se tiene registro.<\/p>\n\n\n\n<p>Veracruz, Baja California y Michoac\u00e1n son los estados en los que, este a\u00f1o, han ocurrido m\u00e1s asesinatos de periodistas. En tanto que 10 de los homicidios han sido cometidos en contra de hombres y tres en contra de mujeres.<\/p>\n\n\n\n<p>Desde que Lop\u00e9z Obrador es presidente de M\u00e9xico, 38 periodistas han sido asesinados en el pa\u00eds, una cifra que ha causado alarma, pues este sexenio, al que le faltan dos a\u00f1os y medio para su conclusi\u00f3n, se perfila como el m\u00e1s mort\u00edfero para los periodistas desde el 2000, a\u00f1o en el que inici\u00f3 el registro de Art\u00edculo 19.<\/p>\n\n\n\n<p>Seg\u00fan datos de esta organizaci\u00f3n, en el gobierno de Vicente Fox Quesada se registraron 22 asesinatos de periodistas; en el de Felipe Calder\u00f3n Hinojosa, 48; en el de Enrique Pe\u00f1a Nieto, 47, y en los tres a\u00f1os con ocho meses de lo que va del gobierno de Andr\u00e9s Manuel L\u00f3pez Obrador, 38.<\/p>\n\n\n\n<p>Art\u00edculo 19 ha se\u00f1alado, adem\u00e1s, que desde que L\u00f3pez Obrador lleg\u00f3 al poder, en diciembre de 2018, hasta 2021, se han contabilizado mil 945 agresiones contra la prensa en el pa\u00eds, adem\u00e1s de los asesinatos y dos desapariciones.<\/p>\n\n\n\n<p>(Informaci\u00f3n de \u201cEl Financiero\u201d)<\/p>\n","protected":false},"excerpt":{"rendered":"<p>Redacci\u00f3n\/Zona Roja Cdmx. Ciudad de M\u00e9xico, 4 de agosto de 2022.- El periodista Ernesto M\u00e9ndez,&hellip;<\/p>\n","protected":false},"author":2,"featured_media":44231,"comment_status":"closed","ping_status":"open","sticky":false,"template":"","format":"standard","meta":{"_lmt_disableupdate":"","_lmt_disable":"","_jetpack_memberships_contains_paid_content":false,"footnotes":""},"categories":[109,47],"tags":[1016],"class_list":["post-44230","post","type-post","status-publish","format-standard","has-post-thumbnail","hentry","category-minuto-a-minuto","category-zona-gris","tag-asesinato-de-periodistas-en-mexico"],"jetpack_featured_media_url":"https:\/\/zonaroja.com.mx\/wp-content\/uploads\/2022\/08\/Periodita-Ernesto-Mendez-Guanajuato.jpeg","jetpack_sharing_enabled":true,"_links":{"self":[{"href":"https:\/\/zonaroja.com.mx\/index.php?rest_route=\/wp\/v2\/posts\/44230","targetHints":{"allow":["GET"]}}],"collection":[{"href":"https:\/\/zonaroja.com.mx\/index.php?rest_route=\/wp\/v2\/posts"}],"about":[{"href":"https:\/\/zonaroja.com.mx\/index.php?rest_route=\/wp\/v2\/types\/post"}],"author":[{"embeddable":true,"href":"https:\/\/zonaroja.com.mx\/index.php?rest_route=\/wp\/v2\/users\/2"}],"replies":[{"embeddable":true,"href":"https:\/\/zonaroja.com.mx\/index.php?rest_route=%2Fwp%2Fv2%2Fcomments&post=44230"}],"version-history":[{"count":1,"href":"https:\/\/zonaroja.com.mx\/index.php?rest_route=\/wp\/v2\/posts\/44230\/revisions"}],"predecessor-version":[{"id":44233,"href":"https:\/\/zonaroja.com.mx\/index.php?rest_route=\/wp\/v2\/posts\/44230\/revisions\/44233"}],"wp:featuredmedia":[{"embeddable":true,"href":"https:\/\/zonaroja.com.mx\/index.php?rest_route=\/wp\/v2\/media\/44231"}],"wp:attachment":[{"href":"https:\/\/zonaroja.com.mx\/index.php?rest_route=%2Fwp%2Fv2%2Fmedia&parent=44230"}],"wp:term":[{"taxonomy":"category","embeddable":true,"href":"https:\/\/zonaroja.com.mx\/index.php?rest_route=%2Fwp%2Fv2%2Fcategories&post=44230"},{"taxonomy":"post_tag","embeddable":true,"href":"https:\/\/zonaroja.com.mx\/index.php?rest_route=%2Fwp%2Fv2%2Ftags&post=44230"}],"curies":[{"name":"wp","href":"https:\/\/api.w.org\/{rel}","templated":true}]}}