{"id":44234,"date":"2022-08-04T07:41:23","date_gmt":"2022-08-04T12:41:23","guid":{"rendered":"http:\/\/www.zonaroja.com.mx\/?p=44234"},"modified":"2022-08-04T07:41:24","modified_gmt":"2022-08-04T12:41:24","slug":"fiscalia-de-oaxaca-detiene-a-presunta-secuestradora-en-yucatan","status":"publish","type":"post","link":"https:\/\/zonaroja.com.mx\/?p=44234","title":{"rendered":"Fiscal\u00eda de Oaxaca detiene a presunta secuestradora en Yucat\u00e1n"},"content":{"rendered":"\n<p>Redacci\u00f3n\/Zona Roja.&nbsp;<\/p>\n\n\n\n<p>Oaxaca de Ju\u00e1rez, Oax., 3 de agosto de 2022.- La Fiscal\u00eda General del Estado de Oaxaca (FGEO) logr\u00f3 aprehender a una persona del sexo femenino identificada como J. C. A., probable responsable del delito de secuestro agravado en contra de una v\u00edctima de identidad reservada por ley, cometido en jurisdicci\u00f3n de Santiago Matatl\u00e1n, en la regi\u00f3n de Valles Centrales.<\/p>\n\n\n\n<p>El pasado 28 de julio del a\u00f1o en curso, en la ciudad de M\u00e9rida, en el estado de Yucat\u00e1n, y gracias a la estrecha colaboraci\u00f3n con la Secretar\u00eda de Seguridad P\u00fablica (SSP) del estado de Yucat\u00e1n, se dio cumplimiento a la orden de aprehensi\u00f3n girada en contra de la probable involucrada en este delito cometido en el estado de Oaxaca.<\/p>\n\n\n\n<p>De acuerdo con la Carpeta de Investigaci\u00f3n 18538\/FDAI\/UECS\/2020, el 14 de junio de 2020, sujetos desconocidos que portaban armas de fuego sometieron y privaron de su libertad a la v\u00edctima, cuando circulaba a bordo de un veh\u00edculo en inmediaciones de la carretera federal 190, a la altura del Kil\u00f3metro 54, en el tramo que pasa por Santiago Matatl\u00e1n.<\/p>\n\n\n\n<p>Posteriormente, los plagiarios se comunicaron con familiares de la v\u00edctima, a quienes exigieron una fuerte suma de dinero a cambio de su liberaci\u00f3n.<\/p>\n\n\n\n<p>Ante este hecho, la Instituci\u00f3n de procuraci\u00f3n de justicia intervino -a trav\u00e9s de la Fiscal\u00eda Especializada en Atenci\u00f3n a Delitos de Alto Impacto-, iniciando los actos de investigaci\u00f3n correspondientes que, tras el trabajo colaborativo con la SSP de Yucat\u00e1n, permiti\u00f3 la aprehensi\u00f3n de una de las personas probablemente involucradas.<\/p>\n\n\n\n<p>En audiencia, la defensa de la imputada se acogi\u00f3 al t\u00e9rmino constitucional ampliado, mismo que fenece el 4 de agosto de 2022, quedando en tanto en prisi\u00f3n preventiva de manera provisional.<\/p>\n\n\n\n<p>AGRESORES DE MUJERES<\/p>\n\n\n\n<p>En otro caso, la Fiscal\u00eda General del Estado obtuvo, del Juzgado de Control, auto de vinculaci\u00f3n a proceso contra tres personas del sexo masculino identificadas como J. E. C. S., J. M. G. S., y A. R. F., se\u00f1alados como probables responsables del delito violencia familiar -cada uno por hechos diferentes-, cometido en jurisdicci\u00f3n de Oaxaca de Ju\u00e1rez, en la regi\u00f3n de Valles Centrales.<\/p>\n\n\n\n<p>En primera instancia y de acuerdo con la causa penal 349\/2021, el 23 de enero de 2021, el imputado J. E. C. S. probablemente agredi\u00f3 verbalmente a la v\u00edctima identificada como A. E. D. R. cuando se encontraba en su domicilio ubicado en inmediaciones de la colonia Am\u00e9rica Sur, perteneciente a la capital oaxaque\u00f1a.<\/p>\n\n\n\n<p>Ante este hecho, la Instituci\u00f3n de procuraci\u00f3n de justicia atrajo la investigaci\u00f3n, logrando presentar al imputado ante el Juez de la causa, quien determin\u00f3 vincularlo a proceso, adem\u00e1s que impuso la medida cautelar de prisi\u00f3n preventiva y concedi\u00f3 tres meses para el cierre de investigaci\u00f3n complementaria.<\/p>\n\n\n\n<p>En un segundo caso y de acuerdo con la causa penal 826\/2022, el 15 de julio del presente a\u00f1o, el imputado J. M. G. S. probablemente agredi\u00f3 f\u00edsica y verbalmente a la v\u00edctima M. R. R., cuando se encontraba en su domicilio ubicado en inmediaciones de la colonia Libertad, perteneciente a la capital del estado.<\/p>\n\n\n\n<p>Por lo anterior, la FGEO present\u00f3 al imputado ante el Juez de la Causa, quien determin\u00f3 vincularlo a proceso. En este marco, el Juez impuso la medida cautelar de prisi\u00f3n preventiva al imputado y concedi\u00f3 tres meses para el cierre de la investigaci\u00f3n complementaria.<\/p>\n\n\n\n<p>En un tercer caso por el delito de violencia familiar y de acuerdo con la causa penal 837\/2022, el 18 de julio de 2022, el masculino identificado como A. R. F., probablemente agredi\u00f3 de manera f\u00edsica y verbal a la v\u00edctima B. M. V. H., cuando se encontraba en su domicilio ubicado en la colonia Uni\u00f3n, perteneciente a la ciudad de Oaxaca.<\/p>\n\n\n\n<p>La instituci\u00f3n present\u00f3 ante el Juez de la Causa al probable responsable y tras validar los datos de prueba proporcionados por la FGEO, el Juez en turno determin\u00f3 vincular a proceso y concedi\u00f3 tres meses para el cierre de investigaci\u00f3n complementaria y dict\u00f3 medidas cautelares en favor de la v\u00edctima.<\/p>\n\n\n\n<p>VIOLADORES DETENIDOS<\/p>\n\n\n\n<p>Tambi\u00e9n, la Fiscal\u00eda de Oaxaca obtuvo, del Juzgado de Control, auto de vinculaci\u00f3n a proceso contra dos personas del sexo masculino, probables responsables de los delitos de violaci\u00f3n y abuso sexual agravado, cometidos en diferentes regiones de la entidad oaxaque\u00f1a.<\/p>\n\n\n\n<p>En primera instancia, de acuerdo con los hechos asentados en la causa penal 72\/2022, la Fiscal\u00eda de Oaxaca obtuvo auto de vinculaci\u00f3n a proceso contra el masculino G. C. R., probable responsable del delito de violaci\u00f3n en agravio de una adolescente, cometido en jurisdicci\u00f3n de Teotitl\u00e1n de Flores Mag\u00f3n, en la regi\u00f3n de la Ca\u00f1ada.<\/p>\n\n\n\n<p>Gracias a la labor de investigaci\u00f3n de la Vicefiscal\u00eda General de Control Regional, el Juez de la causa impuso la medida cautelar de prisi\u00f3n preventiva oficiosa y otorg\u00f3 tres meses para el cierre de investigaci\u00f3n complementaria.<\/p>\n\n\n\n<p>En otro hecho distinto -asentado en la causa penal 253\/2021-, la FGEO obtuvo auto de vinculaci\u00f3n a proceso contra el masculino I. R. A., quien el 26 de marzo de 2021, probablemente agredi\u00f3 de manera sexual a un adolescente en jurisdicci\u00f3n de San Juan Bautista Valle Nacional, en la regi\u00f3n de la Cuenca.<\/p>\n\n\n\n<p>Tras validar los datos de prueba aportados por la Vicefiscal\u00eda Regional de la Cuenca, el Juez en turno impuso la medida cautelar de prisi\u00f3n preventiva oficiosa y otorg\u00f3 30 d\u00edas para el cierre de investigaci\u00f3n complementaria.<\/p>\n\n\n\n<p>La protecci\u00f3n de ni\u00f1as, ni\u00f1os, adolescentes y mujeres es labor prioritaria de la Fiscal\u00eda General, garantizando investigaciones exhaustivas que permitan presentar ante la justicia a quienes atenten en su contra.<\/p>\n","protected":false},"excerpt":{"rendered":"<p>Redacci\u00f3n\/Zona Roja.&nbsp; Oaxaca de Ju\u00e1rez, Oax., 3 de agosto de 2022.- La Fiscal\u00eda General del&hellip;<\/p>\n","protected":false},"author":2,"featured_media":34298,"comment_status":"closed","ping_status":"open","sticky":false,"template":"","format":"standard","meta":{"_lmt_disableupdate":"","_lmt_disable":"","_jetpack_memberships_contains_paid_content":false,"footnotes":""},"categories":[109,46],"tags":[494],"class_list":["post-44234","post","type-post","status-publish","format-standard","has-post-thumbnail","hentry","category-minuto-a-minuto","category-zona-blanca","tag-fiscalia-general-del-estado-de-oaxaca"],"jetpack_featured_media_url":"https:\/\/zonaroja.com.mx\/wp-content\/uploads\/2021\/11\/Detenida-mujer-delito-aprehendida1.jpg","jetpack_sharing_enabled":true,"_links":{"self":[{"href":"https:\/\/zonaroja.com.mx\/index.php?rest_route=\/wp\/v2\/posts\/44234","targetHints":{"allow":["GET"]}}],"collection":[{"href":"https:\/\/zonaroja.com.mx\/index.php?rest_route=\/wp\/v2\/posts"}],"about":[{"href":"https:\/\/zonaroja.com.mx\/index.php?rest_route=\/wp\/v2\/types\/post"}],"author":[{"embeddable":true,"href":"https:\/\/zonaroja.com.mx\/index.php?rest_route=\/wp\/v2\/users\/2"}],"replies":[{"embeddable":true,"href":"https:\/\/zonaroja.com.mx\/index.php?rest_route=%2Fwp%2Fv2%2Fcomments&post=44234"}],"version-history":[{"count":1,"href":"https:\/\/zonaroja.com.mx\/index.php?rest_route=\/wp\/v2\/posts\/44234\/revisions"}],"predecessor-version":[{"id":44235,"href":"https:\/\/zonaroja.com.mx\/index.php?rest_route=\/wp\/v2\/posts\/44234\/revisions\/44235"}],"wp:featuredmedia":[{"embeddable":true,"href":"https:\/\/zonaroja.com.mx\/index.php?rest_route=\/wp\/v2\/media\/34298"}],"wp:attachment":[{"href":"https:\/\/zonaroja.com.mx\/index.php?rest_route=%2Fwp%2Fv2%2Fmedia&parent=44234"}],"wp:term":[{"taxonomy":"category","embeddable":true,"href":"https:\/\/zonaroja.com.mx\/index.php?rest_route=%2Fwp%2Fv2%2Fcategories&post=44234"},{"taxonomy":"post_tag","embeddable":true,"href":"https:\/\/zonaroja.com.mx\/index.php?rest_route=%2Fwp%2Fv2%2Ftags&post=44234"}],"curies":[{"name":"wp","href":"https:\/\/api.w.org\/{rel}","templated":true}]}}