{"id":44239,"date":"2022-08-04T12:37:32","date_gmt":"2022-08-04T17:37:32","guid":{"rendered":"https:\/\/www.zonaroja.com.mx\/?p=44239"},"modified":"2022-08-04T12:37:34","modified_gmt":"2022-08-04T17:37:34","slug":"presume-amlo-que-en-oaxaca-hay-mas-beneficiarios-que-hogares-destaca-gobierno-de-murat","status":"publish","type":"post","link":"https:\/\/zonaroja.com.mx\/?p=44239","title":{"rendered":"Presume AMLO que en Oaxaca \u201chay m\u00e1s beneficiarios que hogares\u201d; destaca gobierno de Murat"},"content":{"rendered":"\n<p>Yuridiana Sosa\/Zona Roja.&nbsp;<\/p>\n\n\n\n<p>Oaxaca de Ju\u00e1rez, Oax., a 4 de agosto de 2022.- El Presidente de M\u00e9xico, Andr\u00e9s Manuel L\u00f3pez Obrador, destac\u00f3 que durante su administraci\u00f3n, en Oaxaca el 100 por ciento de los hogares recibe al menos un apoyo de los programas Bienestar, as\u00ed como que esta entidad continuar\u00e1 recibiendo de forma especial una partida del presupuesto nacional. <\/p>\n\n\n\n<p>Durante su conferencia matutina, del mi\u00e9rcoles 3 de agosto, afirm\u00f3 que en Oaxaca \u201chay m\u00e1s beneficiarios (de los programas Bienestar) que domicilios, que hogares\u201d.<\/p>\n\n\n\n<p>Pues dijo que, en cada casa de Oaxaca, si no llega un apoyo de adulto mayor, llega beca o est\u00e1n en el programa Sembrando Vida o en J\u00f3venes Construyendo el Futuro o reciben un apoyo por discapacidad o de fertilizantes, \u201ceso va a quedar para todos los oaxaque\u00f1os\u201d, asegur\u00f3.<\/p>\n\n\n\n<p>\u201cTodos van a tener por derecho una cantidad del presupuesto nacional, aunque sea peque\u00f1a, pero todas las familias porque son de los estados con m\u00e1s pobreza y m\u00e1s necesidad\u201d, indic\u00f3 el mandatario.<\/p>\n\n\n\n<p>Adem\u00e1s, destac\u00f3 que los apoyos econ\u00f3micos para los damnificados del hurac\u00e1n Agatha en Oaxaca ya fueron distribuidos en su totalidad, aunque a\u00fan faltan por culminar la entrega de electrodom\u00e9sticos y la rehabilitaci\u00f3n de carreteras y vialidades.&nbsp;<\/p>\n\n\n\n<p>BUEN GOBIERNO EN OAXACA&nbsp;<\/p>\n\n\n\n<p>Andr\u00e9s Manuel L\u00f3pez Obrador tambi\u00e9n mencion\u00f3 la importancia del gobierno estatal para el desarrollo de Oaxaca.&nbsp;<\/p>\n\n\n\n<p>\u201cLa verdad es que nos hemos ayudado mutuamente, con el gobernador de Oaxaca, no hemos tenido ning\u00fan problema con Alejandro Murat, \u00e9l es parte del desarrollo que se ha logrado en Oaxaca\u201d, se\u00f1al\u00f3.&nbsp;<\/p>\n\n\n\n<p>Pero tambi\u00e9n dijo: \u201cRespeto tambi\u00e9n los otros puntos de vista, pero en esencia, es un buen gobernador\u201d. <\/p>\n","protected":false},"excerpt":{"rendered":"<p>Yuridiana Sosa\/Zona Roja.&nbsp; Oaxaca de Ju\u00e1rez, Oax., a 4 de agosto de 2022.- El Presidente&hellip;<\/p>\n","protected":false},"author":2,"featured_media":42504,"comment_status":"closed","ping_status":"open","sticky":false,"template":"","format":"standard","meta":{"_lmt_disableupdate":"","_lmt_disable":"","_jetpack_memberships_contains_paid_content":false,"footnotes":""},"categories":[109,46],"tags":[],"class_list":["post-44239","post","type-post","status-publish","format-standard","has-post-thumbnail","hentry","category-minuto-a-minuto","category-zona-blanca"],"jetpack_featured_media_url":"https:\/\/zonaroja.com.mx\/wp-content\/uploads\/2022\/06\/Alejandro-Murat-y-Andres-Manuel-Lopez-Obrador.jpg","jetpack_sharing_enabled":true,"_links":{"self":[{"href":"https:\/\/zonaroja.com.mx\/index.php?rest_route=\/wp\/v2\/posts\/44239","targetHints":{"allow":["GET"]}}],"collection":[{"href":"https:\/\/zonaroja.com.mx\/index.php?rest_route=\/wp\/v2\/posts"}],"about":[{"href":"https:\/\/zonaroja.com.mx\/index.php?rest_route=\/wp\/v2\/types\/post"}],"author":[{"embeddable":true,"href":"https:\/\/zonaroja.com.mx\/index.php?rest_route=\/wp\/v2\/users\/2"}],"replies":[{"embeddable":true,"href":"https:\/\/zonaroja.com.mx\/index.php?rest_route=%2Fwp%2Fv2%2Fcomments&post=44239"}],"version-history":[{"count":1,"href":"https:\/\/zonaroja.com.mx\/index.php?rest_route=\/wp\/v2\/posts\/44239\/revisions"}],"predecessor-version":[{"id":44240,"href":"https:\/\/zonaroja.com.mx\/index.php?rest_route=\/wp\/v2\/posts\/44239\/revisions\/44240"}],"wp:featuredmedia":[{"embeddable":true,"href":"https:\/\/zonaroja.com.mx\/index.php?rest_route=\/wp\/v2\/media\/42504"}],"wp:attachment":[{"href":"https:\/\/zonaroja.com.mx\/index.php?rest_route=%2Fwp%2Fv2%2Fmedia&parent=44239"}],"wp:term":[{"taxonomy":"category","embeddable":true,"href":"https:\/\/zonaroja.com.mx\/index.php?rest_route=%2Fwp%2Fv2%2Fcategories&post=44239"},{"taxonomy":"post_tag","embeddable":true,"href":"https:\/\/zonaroja.com.mx\/index.php?rest_route=%2Fwp%2Fv2%2Ftags&post=44239"}],"curies":[{"name":"wp","href":"https:\/\/api.w.org\/{rel}","templated":true}]}}