{"id":44242,"date":"2022-08-04T17:01:28","date_gmt":"2022-08-04T22:01:28","guid":{"rendered":"https:\/\/www.zonaroja.com.mx\/?p=44242"},"modified":"2022-08-04T17:01:29","modified_gmt":"2022-08-04T22:01:29","slug":"cabildo-de-oaxaca-declara-imposibilidad-para-recibir-a-recolectores-particulares-en-relleno-sanitario","status":"publish","type":"post","link":"https:\/\/zonaroja.com.mx\/?p=44242","title":{"rendered":"Cabildo de Oaxaca declara imposibilidad para recibir a recolectores particulares en relleno sanitario"},"content":{"rendered":"\n<p>&nbsp;Yuridiana Sosa\/Zona Roja.<\/p>\n\n\n\n<p>Oaxaca de Ju\u00e1rez, Oax., a 4 de agosto de 2022.- El Cabildo de Oaxaca de Ju\u00e1rez aprob\u00f3 hoy no autorizar el ingreso de los recolectores particulares de basura al relleno sanitario que se ubica en el municipio de Villa de Zaachila, por falta de espacio para recibir sus desechos. <\/p>\n\n\n\n<p>En sesi\u00f3n ordinaria, de este jueves, el cuerpo colegiado encabezado por el edil Francisco Mart\u00ednez se declar\u00f3, por el momento, sin posibilidad material para convenir con particulares para que sus residuos sean depositados en el basurero sanitario de Zaachila, \u201cdadas las condiciones establecidas por los habitantes de colonias aleda\u00f1as al relleno\u201d.<\/p>\n\n\n\n<p>La declaraci\u00f3n se aprob\u00f3 tras una hora de pronunciamientos por parte de los regidores y regidoras, en los que se destac\u00f3 su desaprobaci\u00f3n a la acci\u00f3n que los recolectores particulares llevaron a cabo&nbsp;este mi\u00e9rcoles&nbsp;al depositar desechos en Plaza de la Danza y el palacio municipal.<\/p>\n\n\n\n<p>En su mensaje, Mart\u00ednez Neri se\u00f1al\u00f3 que cuando se pudo dar el permiso para que ocuparon el espacio se dio, pero actualmente \u2013desde el pasado 14 de julio- las condiciones han cambiado.<\/p>\n\n\n\n<p>\u201cHubo exceso de fuerza\u201d, asever\u00f3 el edil respecto a la forma de manifestarse de los recolectores particulares y transportistas \u2013adherido a CATEM y \u201cSol Rojo\u201d-, da\u00f1ando espacios p\u00fablicos.<\/p>\n\n\n\n<p>Sobre el hecho, dijo: \u201cYo quiero se\u00f1alar que este ayuntamiento, sobre lo de ayer, no puede hacer uso de la fuerza p\u00fablica para tratar de resolver un problema de esta naturaleza. Si bien es cierto, que estamos en posibilidades, de una manera apegada los t\u00e9rminos de ley, no podemos\u201d.&nbsp;<\/p>\n\n\n\n<p>El edil incluso realiz\u00f3 un llamado a dichas personas que se dedican a ese negocio a entender la problem\u00e1tica y entiendan que por ahora no hay condiciones de trabajar de la misma forma, pues no hay condiciones, por lo que los exhort\u00f3 a abstenerse a seguir actuando de esa forma. <\/p>\n\n\n\n<p>Y es que ayer, recolectores privados bloquearon calles del centro de la ciudad capital y luego tiraron desechos en la Plaza de la Danza y en el acceso al palacio municipal, para exigir les permitieran llevar su basura al tiradero de Zaachila, lo cual no sucedi\u00f3.<\/p>\n","protected":false},"excerpt":{"rendered":"<p>&nbsp;Yuridiana Sosa\/Zona Roja. Oaxaca de Ju\u00e1rez, Oax., a 4 de agosto de 2022.- El Cabildo&hellip;<\/p>\n","protected":false},"author":2,"featured_media":44241,"comment_status":"closed","ping_status":"open","sticky":false,"template":"","format":"standard","meta":{"_lmt_disableupdate":"","_lmt_disable":"","_jetpack_memberships_contains_paid_content":false,"footnotes":""},"categories":[109,46],"tags":[2315],"class_list":["post-44242","post","type-post","status-publish","format-standard","has-post-thumbnail","hentry","category-minuto-a-minuto","category-zona-blanca","tag-ayuntamiento-de-oaxaca-de-juarez"],"jetpack_featured_media_url":"https:\/\/zonaroja.com.mx\/wp-content\/uploads\/2022\/08\/e5cf4e5a-4cf8-4a12-ac47-88c91467e13a.jpg","jetpack_sharing_enabled":true,"_links":{"self":[{"href":"https:\/\/zonaroja.com.mx\/index.php?rest_route=\/wp\/v2\/posts\/44242","targetHints":{"allow":["GET"]}}],"collection":[{"href":"https:\/\/zonaroja.com.mx\/index.php?rest_route=\/wp\/v2\/posts"}],"about":[{"href":"https:\/\/zonaroja.com.mx\/index.php?rest_route=\/wp\/v2\/types\/post"}],"author":[{"embeddable":true,"href":"https:\/\/zonaroja.com.mx\/index.php?rest_route=\/wp\/v2\/users\/2"}],"replies":[{"embeddable":true,"href":"https:\/\/zonaroja.com.mx\/index.php?rest_route=%2Fwp%2Fv2%2Fcomments&post=44242"}],"version-history":[{"count":1,"href":"https:\/\/zonaroja.com.mx\/index.php?rest_route=\/wp\/v2\/posts\/44242\/revisions"}],"predecessor-version":[{"id":44243,"href":"https:\/\/zonaroja.com.mx\/index.php?rest_route=\/wp\/v2\/posts\/44242\/revisions\/44243"}],"wp:featuredmedia":[{"embeddable":true,"href":"https:\/\/zonaroja.com.mx\/index.php?rest_route=\/wp\/v2\/media\/44241"}],"wp:attachment":[{"href":"https:\/\/zonaroja.com.mx\/index.php?rest_route=%2Fwp%2Fv2%2Fmedia&parent=44242"}],"wp:term":[{"taxonomy":"category","embeddable":true,"href":"https:\/\/zonaroja.com.mx\/index.php?rest_route=%2Fwp%2Fv2%2Fcategories&post=44242"},{"taxonomy":"post_tag","embeddable":true,"href":"https:\/\/zonaroja.com.mx\/index.php?rest_route=%2Fwp%2Fv2%2Ftags&post=44242"}],"curies":[{"name":"wp","href":"https:\/\/api.w.org\/{rel}","templated":true}]}}