{"id":44244,"date":"2022-08-04T18:14:36","date_gmt":"2022-08-04T23:14:36","guid":{"rendered":"http:\/\/www.zonaroja.com.mx\/?p=44244"},"modified":"2022-08-04T18:14:37","modified_gmt":"2022-08-04T23:14:37","slug":"preven-carcel-para-gobernantes-que-no-paguen-deudas-a-proveedores","status":"publish","type":"post","link":"https:\/\/zonaroja.com.mx\/?p=44244","title":{"rendered":"Prev\u00e9n c\u00e1rcel para gobernantes que no paguen deudas a proveedores"},"content":{"rendered":"\n<p>Yuridiana Sosa\/Zona Roja.<\/p>\n\n\n\n<p>Oaxaca de Ju\u00e1rez, Oax., a 4 de agosto de 2022.-Ante el incumplimiento de pagos a proveedores y prestadores de servicios por parte de gobiernos estatales y municipales al t\u00e9rmino de una administraci\u00f3n, se present\u00f3 ante el pleno de la 65 Legislatura de Oaxaca una iniciativa para reformar diversas leyes para sancionar a los funcionarios responsables.<\/p>\n\n\n\n<p>La propuesta fue dada a conocer en la sesi\u00f3n ordinaria del Congreso de Oaxaca, realizada este mi\u00e9rcoles 3 de agosto, por parte de la diputada M\u00edriam de los \u00c1ngeles V\u00e1squez Ruiz, del Partido del Trabajo, y a la que se sumaron otros cinco legisladores.<\/p>\n\n\n\n<p>Las dudas que dejan las administraciones salientes y que son tema aparte de la deuda p\u00fablica, es un problema tan recurrente que se ha convertido en parte de los usos y costumbres de esos gobiernos, se\u00f1al\u00f3 la legisladora.<\/p>\n\n\n\n<p>Puntualiz\u00f3 que hasta ahora no existe un dise\u00f1o de sanciones en la normatividad existente, sobre todo que sea eficaz contra esos comportamientos irresponsables sobre el uso y destino de recursos p\u00fablicos cuando se trata de cumplir las deudas con los proveedores de bienes y servicios.<\/p>\n\n\n\n<p>El planteamiento indica la obligaci\u00f3n de dichos gobiernos para transparentar esas deudas y sus respectivos pagos, pues actualmente no es una informaci\u00f3n p\u00fablica, como el caso de la deuda p\u00fablica.<\/p>\n\n\n\n<p>Para quienes incumplan con los pagos a proveedores, la reforma contempla su inhabilitaci\u00f3n y adem\u00e1s tendr\u00e1 que responder ante la justicia penal con pena de hasta cinco a\u00f1os cuando no repare el da\u00f1o que ocasion\u00f3.<\/p>\n\n\n\n<p>&nbsp;\u201cEsta din\u00e1mica de que los gobiernos entrantes tengan que responder por deudas ajenas se tiene que terminar\u201d, \u201cYa basta de irresponsables\u201d, sentenci\u00f3 la legisladora.<\/p>\n\n\n\n<p>La iniciativa con proyecto de decreto cita reformas a diversos art\u00edculos de la Ley de Adquisiciones, Enajenaciones Arrendamientos Prestaciones de Servicios y Administraci\u00f3n de Bienes Muebles e Inmuebles del Estado de Oaxaca, as\u00ed como de la Ley de Responsabilidades Administrativas del Estado y Municipios de Oaxaca.<\/p>\n\n\n\n<p>Adem\u00e1s de reformas al C\u00f3digo Penal y a los art\u00edculos de la Ley de Transparencia Acceso a la Informaci\u00f3n P\u00fablica y Buen Gobierno del estado de Oaxaca.<br>Pues, expres\u00f3 que la &nbsp;omisi\u00f3n de esas responsabilidades dejan graves consecuencias a la hacienda p\u00fablica de la administraci\u00f3n entrante, comprometiendo sus recursos p\u00fablicos para el pago de las obligaciones de la administraci\u00f3n saliente, adem\u00e1s, de causar afectaciones econ\u00f3micas a las familias y comerciantes que prestaron sus servicios.<\/p>\n\n\n\n<p>La propuesta fue recibida y turnada a comisiones correspondientes para su an\u00e1lisis.<\/p>\n","protected":false},"excerpt":{"rendered":"<p>Yuridiana Sosa\/Zona Roja. Oaxaca de Ju\u00e1rez, Oax., a 4 de agosto de 2022.-Ante el incumplimiento&hellip;<\/p>\n","protected":false},"author":2,"featured_media":44159,"comment_status":"closed","ping_status":"open","sticky":false,"template":"","format":"standard","meta":{"_lmt_disableupdate":"","_lmt_disable":"","_jetpack_memberships_contains_paid_content":false,"footnotes":""},"categories":[109,46],"tags":[2743],"class_list":["post-44244","post","type-post","status-publish","format-standard","has-post-thumbnail","hentry","category-minuto-a-minuto","category-zona-blanca","tag-65-legislatura-del-estado-de-oaxaca"],"jetpack_featured_media_url":"https:\/\/zonaroja.com.mx\/wp-content\/uploads\/2022\/08\/Sede-Congreso-del-Estado-camara-de-diputados-Oaxaca.jpeg","jetpack_sharing_enabled":true,"_links":{"self":[{"href":"https:\/\/zonaroja.com.mx\/index.php?rest_route=\/wp\/v2\/posts\/44244","targetHints":{"allow":["GET"]}}],"collection":[{"href":"https:\/\/zonaroja.com.mx\/index.php?rest_route=\/wp\/v2\/posts"}],"about":[{"href":"https:\/\/zonaroja.com.mx\/index.php?rest_route=\/wp\/v2\/types\/post"}],"author":[{"embeddable":true,"href":"https:\/\/zonaroja.com.mx\/index.php?rest_route=\/wp\/v2\/users\/2"}],"replies":[{"embeddable":true,"href":"https:\/\/zonaroja.com.mx\/index.php?rest_route=%2Fwp%2Fv2%2Fcomments&post=44244"}],"version-history":[{"count":1,"href":"https:\/\/zonaroja.com.mx\/index.php?rest_route=\/wp\/v2\/posts\/44244\/revisions"}],"predecessor-version":[{"id":44245,"href":"https:\/\/zonaroja.com.mx\/index.php?rest_route=\/wp\/v2\/posts\/44244\/revisions\/44245"}],"wp:featuredmedia":[{"embeddable":true,"href":"https:\/\/zonaroja.com.mx\/index.php?rest_route=\/wp\/v2\/media\/44159"}],"wp:attachment":[{"href":"https:\/\/zonaroja.com.mx\/index.php?rest_route=%2Fwp%2Fv2%2Fmedia&parent=44244"}],"wp:term":[{"taxonomy":"category","embeddable":true,"href":"https:\/\/zonaroja.com.mx\/index.php?rest_route=%2Fwp%2Fv2%2Fcategories&post=44244"},{"taxonomy":"post_tag","embeddable":true,"href":"https:\/\/zonaroja.com.mx\/index.php?rest_route=%2Fwp%2Fv2%2Ftags&post=44244"}],"curies":[{"name":"wp","href":"https:\/\/api.w.org\/{rel}","templated":true}]}}