{"id":4425,"date":"2019-09-30T11:55:51","date_gmt":"2019-09-30T16:55:51","guid":{"rendered":"https:\/\/www.zonaroja.com.mx\/?p=4425"},"modified":"2019-09-30T11:55:52","modified_gmt":"2019-09-30T16:55:52","slug":"amlo-visitara-hospitales-oaxaquenos-esta-semana-llega-manana","status":"publish","type":"post","link":"https:\/\/zonaroja.com.mx\/?p=4425","title":{"rendered":"AMLO visitar\u00e1 hospitales oaxaque\u00f1os esta semana; llega ma\u00f1ana"},"content":{"rendered":"\n<p>Evlin Arag\u00f3n\/Zona Roja.<\/p>\n\n\n\n<p>Oaxaca de Ju\u00e1rez, Oax., 30 de octubre de 2019.- El Presidente del a Rep\u00fablica, Andr\u00e9s Manuel L\u00f3pez Obrador, iniciar\u00e1 el mes de octubre visitando al menos tres hospitales rurales ubicados en la entidad oaxaque\u00f1a, seg\u00fan su agenda de trabajo. <\/p>\n\n\n\n<p>Este martes 1 de octubre, el mandatario federal arribar\u00eda a la localidad de Santiago Jamiltepec, ubicada en la regi\u00f3n de la Costa, en donde acudir\u00e1 al Hospital Rural de la localidad, en punto de las 14:00 horas.<\/p>\n\n\n\n<p>Mientras que el domingo 6 de octubre regresa a territorio oaxaque\u00f1o y har\u00e1 presencia en la regi\u00f3n Mixteca para visitar los hospitales rurales de Santiago Juxtlahuaca y de Huajuapan de Le\u00f3n, actos programados para las 10:00 y 17:30 horas respectivamente.<\/p>\n\n\n\n<p>El municipio de Juxtlahuaca ha estado en controversia, debido a conflictos al interior del Cabildo, un bloqueo carretero que protagonizaron algunas autoridades locales para exigir la construcci\u00f3n de un puente vehicular y los sanitarios en la comunidad del barrio de Santo Domingo.<\/p>\n\n\n\n<p>As\u00ed mismo este fin de semana fue de las zonas m\u00e1s afectadas por las lluvias ocasionadas por la Tormenta Tropical \u201cNarda\u201d.<\/p>\n\n\n\n<p>Esta ser\u00eda la octava visita del mandatario federal a Oaxaca  durante su administraci\u00f3n. <\/p>\n\n\n\n<p>En nueve meses ha visitado San Juan Evangenlista Analco, Salina Cruz, San Pablo Guelatao, Juchit\u00e1n de Zaragoza, San Juan Atepec, Huautla de Jim\u00e9nez, San Idelfonso Villa Alta, Miahutl\u00e1n de Porfirio D\u00edaz, Tlacolula de Matamoros y  la ciudad de Oaxaca.<br><\/p>\n\n\n\n<p><\/p>\n","protected":false},"excerpt":{"rendered":"<p>Evlin Arag\u00f3n\/Zona Roja. Oaxaca de Ju\u00e1rez, Oax., 30 de octubre de 2019.- El Presidente del&hellip;<\/p>\n","protected":false},"author":2,"featured_media":4424,"comment_status":"closed","ping_status":"open","sticky":false,"template":"","format":"standard","meta":{"_lmt_disableupdate":"","_lmt_disable":"","_jetpack_memberships_contains_paid_content":false,"footnotes":""},"categories":[1],"tags":[],"class_list":["post-4425","post","type-post","status-publish","format-standard","has-post-thumbnail","hentry","category-sin-categoria"],"jetpack_featured_media_url":"https:\/\/zonaroja.com.mx\/wp-content\/uploads\/2019\/09\/img_3442.jpg","jetpack_sharing_enabled":true,"_links":{"self":[{"href":"https:\/\/zonaroja.com.mx\/index.php?rest_route=\/wp\/v2\/posts\/4425","targetHints":{"allow":["GET"]}}],"collection":[{"href":"https:\/\/zonaroja.com.mx\/index.php?rest_route=\/wp\/v2\/posts"}],"about":[{"href":"https:\/\/zonaroja.com.mx\/index.php?rest_route=\/wp\/v2\/types\/post"}],"author":[{"embeddable":true,"href":"https:\/\/zonaroja.com.mx\/index.php?rest_route=\/wp\/v2\/users\/2"}],"replies":[{"embeddable":true,"href":"https:\/\/zonaroja.com.mx\/index.php?rest_route=%2Fwp%2Fv2%2Fcomments&post=4425"}],"version-history":[{"count":1,"href":"https:\/\/zonaroja.com.mx\/index.php?rest_route=\/wp\/v2\/posts\/4425\/revisions"}],"predecessor-version":[{"id":4426,"href":"https:\/\/zonaroja.com.mx\/index.php?rest_route=\/wp\/v2\/posts\/4425\/revisions\/4426"}],"wp:featuredmedia":[{"embeddable":true,"href":"https:\/\/zonaroja.com.mx\/index.php?rest_route=\/wp\/v2\/media\/4424"}],"wp:attachment":[{"href":"https:\/\/zonaroja.com.mx\/index.php?rest_route=%2Fwp%2Fv2%2Fmedia&parent=4425"}],"wp:term":[{"taxonomy":"category","embeddable":true,"href":"https:\/\/zonaroja.com.mx\/index.php?rest_route=%2Fwp%2Fv2%2Fcategories&post=4425"},{"taxonomy":"post_tag","embeddable":true,"href":"https:\/\/zonaroja.com.mx\/index.php?rest_route=%2Fwp%2Fv2%2Ftags&post=4425"}],"curies":[{"name":"wp","href":"https:\/\/api.w.org\/{rel}","templated":true}]}}