{"id":44254,"date":"2022-08-05T06:54:18","date_gmt":"2022-08-05T11:54:18","guid":{"rendered":"http:\/\/www.zonaroja.com.mx\/?p=44254"},"modified":"2022-08-05T06:54:20","modified_gmt":"2022-08-05T11:54:20","slug":"requiere-sector-salud-de-oaxaca-3-mil-mdp-para-mejorar-infraestructura","status":"publish","type":"post","link":"https:\/\/zonaroja.com.mx\/?p=44254","title":{"rendered":"Requiere sector salud de Oaxaca 3 mil mdp para mejorar infraestructura"},"content":{"rendered":"\n<p>Redacci\u00f3n\/Zona Roja.<\/p>\n\n\n\n<p>Oaxaca de Ju\u00e1rez, Oax.&nbsp;A 5 de agosto del 2022.- Los gobernadores de Oaxaca, el actual Alejandro Murat Hinojosa, y el electo, Salom\u00f3n Jara Cruz, junto con los titulares del IMSS, Zo\u00e9 Robledo; del ISSSTE, Pedro Zenteno Santaella y del Instituto de Salud para el Bienestar (Insabi), Juan Antonio Ferrer, evaluaron ayer el sector salud y la red hospitalaria.<\/p>\n\n\n\n<p>Primero sostuvieron una reuni\u00f3n de trabajo en el Palacio de Gobierno y despu\u00e9s recorrieron los nosocomios \u201cDr. Aurelio Valdivieso\u201d ubicado en la capital, y los de la Ni\u00f1ez Oaxaque\u00f1a, de Alta Especialidad y de la Mujer Oaxaque\u00f1a, en San Bartolo Coyotepec.<\/p>\n\n\n\n<p>De acuerdo con un comunicado de prensa, el gobernador Murat Hinojosa se\u00f1al\u00f3 que hoy se est\u00e1 dando el paso para ir construyendo de manera coordinada la salud que las y los oaxaque\u00f1os quieren, por lo que extern\u00f3 el agradecimiento de Oaxaca al presidente de M\u00e9xico, Andr\u00e9s Manuel L\u00f3pez Obrador, para dar este paso en equipo; y reiter\u00f3, que el trabajo coordinado da grandes resultados.<\/p>\n\n\n\n<p>\u201cEn nuestro estado, queda claro que la salud es prioridad, por ello en equipo, junto al Gobierno de M\u00e9xico, recorrimos los hospitales de Oaxaca. Hay una propuesta integral que parte de la base trabajadora y su seguridad absoluta, infraestructura, equipamiento y personal, y aprovechar toda la infraestructura de Salud que tiene el estado para que sea de manera eficiente la atenci\u00f3n a la poblaci\u00f3n oaxaque\u00f1a.\u201d, apunt\u00f3.<\/p>\n\n\n\n<p>Por su parte, el gobernador electo, Salom\u00f3n Jara, refiri\u00f3 que hay un gran inter\u00e9s del Presidente de M\u00e9xico en la atenci\u00f3n de la salud en el estado y en este recorrido se conoci\u00f3 a detalle el proyecto que tiene el Gobierno Federal para Oaxaca.<\/p>\n\n\n\n<p>Asimismo, reconoci\u00f3 al sector de Salud del Gobierno Federal por su compromiso de trabajar para garantizar la atenci\u00f3n m\u00e9dica de calidad a las ni\u00f1as, ni\u00f1os y mujeres oaxaque\u00f1as. \u201cEl apoyo y la coordinaci\u00f3n ser\u00e1n fundamentales para atender el enorme rezago en el que se encuentra nuestro sistema de salud\u201d.<\/p>\n\n\n\n<figure class=\"wp-block-embed is-type-rich is-provider-twitter wp-block-embed-twitter\"><div class=\"wp-block-embed__wrapper\">\n<div class=\"twitter-tweet\"><blockquote class=\"twitter-tweet\" data-lang=\"es\"><p lang=\"es\" dir=\"ltr\">Los gobernadores actual, <a href=\"https:\/\/twitter.com\/alejandromurat?ref_src=twsrc%5Etfw\">@alejandromurat<\/a>, y electo, <a href=\"https:\/\/twitter.com\/salomonj?ref_src=twsrc%5Etfw\">@salomonj<\/a>, reciben en Oaxaca a los titulares del <a href=\"https:\/\/twitter.com\/Tu_IMSS?ref_src=twsrc%5Etfw\">@Tu_IMSS<\/a>, <a href=\"https:\/\/twitter.com\/INSABI_mx?ref_src=twsrc%5Etfw\">@INSABI_mx<\/a>, <a href=\"https:\/\/twitter.com\/ISSSTE_mx?ref_src=twsrc%5Etfw\">@ISSSTE_mx<\/a>, <a href=\"https:\/\/twitter.com\/CCINSHAE_mx?ref_src=twsrc%5Etfw\">@CCINSHAE_mx<\/a>, con la finalidad de revisar temas del sector salud de la entidad. <a href=\"https:\/\/t.co\/cpDBG5g5QY\">pic.twitter.com\/cpDBG5g5QY<\/a><\/p>&mdash; Zona Roja Oaxaca (@ZonaRoja_Oaxaca) <a href=\"https:\/\/twitter.com\/ZonaRoja_Oaxaca\/status\/1555220267529515009?ref_src=twsrc%5Etfw\">4 de agosto de 2022<\/a><\/blockquote><\/div>\n<\/div><\/figure>\n\n\n\n<p>En tanto, el director general del Instituto Mexicano del Seguro Social (IMSS), Zo\u00e9 Robledo Aburto, expres\u00f3 que el objetivo de la visita a los nosocomios oaxaque\u00f1os es resolver los temas de salud de manera integral y en equipo en beneficio de la poblaci\u00f3n oaxaque\u00f1a.<\/p>\n\n\n\n<p>\u201cEs un encargo del Presidente de la Rep\u00fablica que la poblaci\u00f3n oaxaque\u00f1a independientemente de la adscripci\u00f3n que tenga a cualquier instancia de seguridad social o no la tenga, pueda tener acceso a servicios de tercer nivel y que seamos las instituciones que encontremos los dise\u00f1os para lograrlos\u201d, apunt\u00f3 en conferencia de prensa ante medios oaxaque\u00f1os.<\/p>\n\n\n\n<p>Asimismo, extern\u00f3 que previamente al recorrido, sostuvieron una reuni\u00f3n de trabajo en la que se abord\u00f3 el tema de atenci\u00f3n a las instalaciones de Salud de 38 municipios de la regi\u00f3n de la Costa que resultaron afectadas por el hurac\u00e1n \u00c1gatha el pasado mes de mayo \u2013acci\u00f3n prioritaria tambi\u00e9n del Presidente de M\u00e9xico-, en la que se acord\u00f3 iniciar con los procesos de compra de equipos e infraestructura que requieren dichas unidades, misma que tendr\u00e1 una inversi\u00f3n de m\u00e1s de 700 millones de pesos en m\u00e1s de 100 unidades de primer nivel, siete hospitales de la regi\u00f3n y un hospital del IMSS Bienestar.<\/p>\n\n\n\n<p>\u201cLa gran ense\u00f1anza de la pandemia fue que se puede trabajar de manera integral, en equipo y que no sea la poblaci\u00f3n quienes sigan cargando con el costo con un sistema de Salud fragmentado. Nos da mucho gusto que estemos trabajando en una coordinaci\u00f3n completa con el gobierno de transici\u00f3n y con el equipo del Gobierno del Estado, porque esto es algo que tendr\u00e1 una continuidad en beneficio de las y los oaxaque\u00f1os\u201d, agreg\u00f3.<\/p>\n\n\n\n<p>Tambi\u00e9n dijo que se requiere una inversi\u00f3n mayor a los 3 mil millones de pesos para acciones de equipamiento de primer nivel de atenci\u00f3n, que es donde se deber\u00edan de resolver el 80% de los padecimientos de los pacientes y que no tenga que referirse al \u00e1rea hospitalaria.<\/p>\n\n\n\n<p>En tanto, el director general del ISSSTE, Pedro Zenteno Santaella, resalt\u00f3 que la instituci\u00f3n a su cargo est\u00e1 en la mejor disposici\u00f3n de ayudar en este modelo de ISSSTE Bienestar, porque es la integraci\u00f3n del sector, algo in\u00e9dito en el pa\u00eds.<\/p>\n\n\n\n<figure class=\"wp-block-embed is-type-rich is-provider-twitter wp-block-embed-twitter\"><div class=\"wp-block-embed__wrapper\">\n<div class=\"twitter-tweet\"><blockquote class=\"twitter-tweet\" data-lang=\"es\"><p lang=\"es\" dir=\"ltr\"><a href=\"https:\/\/twitter.com\/hashtag\/%C3%9AltimoMinuto?src=hash&amp;ref_src=twsrc%5Etfw\">#\u00daltimoMinuto<\/a> <br>Luego de una reuni\u00f3n de trabajo y visita a diversos nosocomios de Oaxaca, los gobernadores actual, <a href=\"https:\/\/twitter.com\/alejandromurat?ref_src=twsrc%5Etfw\">@alejandromurat<\/a>, y electo, <a href=\"https:\/\/twitter.com\/salomonj?ref_src=twsrc%5Etfw\">@salomonj<\/a>, junto con titulares del <a href=\"https:\/\/twitter.com\/Tu_IMSS?ref_src=twsrc%5Etfw\">@Tu_IMSS<\/a>, <a href=\"https:\/\/twitter.com\/ISSSTE_mx?ref_src=twsrc%5Etfw\">@ISSSTE_mx<\/a> e <a href=\"https:\/\/twitter.com\/INSABI_mx?ref_src=twsrc%5Etfw\">@INSABI_mx<\/a>, ofrecieron una conferencia de prensa: <a href=\"https:\/\/t.co\/DDXwRqk1h2\">pic.twitter.com\/DDXwRqk1h2<\/a><\/p>&mdash; Zona Roja Oaxaca (@ZonaRoja_Oaxaca) <a href=\"https:\/\/twitter.com\/ZonaRoja_Oaxaca\/status\/1555286699223105537?ref_src=twsrc%5Etfw\">4 de agosto de 2022<\/a><\/blockquote><\/div>\n<\/div><\/figure>\n","protected":false},"excerpt":{"rendered":"<p>Redacci\u00f3n\/Zona Roja. Oaxaca de Ju\u00e1rez, Oax.&nbsp;A 5 de agosto del 2022.- Los gobernadores de Oaxaca,&hellip;<\/p>\n","protected":false},"author":2,"featured_media":44255,"comment_status":"closed","ping_status":"open","sticky":false,"template":"","format":"standard","meta":{"_lmt_disableupdate":"","_lmt_disable":"","_jetpack_memberships_contains_paid_content":false,"footnotes":""},"categories":[109,46],"tags":[173,939],"class_list":["post-44254","post","type-post","status-publish","format-standard","has-post-thumbnail","hentry","category-minuto-a-minuto","category-zona-blanca","tag-alejandro-murat-hinojosa","tag-salomon-jara-cruz"],"jetpack_featured_media_url":"https:\/\/zonaroja.com.mx\/wp-content\/uploads\/2022\/08\/Reunion-salud-federal-Alejandro-Murat-Salomon-Jara.jpeg","jetpack_sharing_enabled":true,"_links":{"self":[{"href":"https:\/\/zonaroja.com.mx\/index.php?rest_route=\/wp\/v2\/posts\/44254","targetHints":{"allow":["GET"]}}],"collection":[{"href":"https:\/\/zonaroja.com.mx\/index.php?rest_route=\/wp\/v2\/posts"}],"about":[{"href":"https:\/\/zonaroja.com.mx\/index.php?rest_route=\/wp\/v2\/types\/post"}],"author":[{"embeddable":true,"href":"https:\/\/zonaroja.com.mx\/index.php?rest_route=\/wp\/v2\/users\/2"}],"replies":[{"embeddable":true,"href":"https:\/\/zonaroja.com.mx\/index.php?rest_route=%2Fwp%2Fv2%2Fcomments&post=44254"}],"version-history":[{"count":1,"href":"https:\/\/zonaroja.com.mx\/index.php?rest_route=\/wp\/v2\/posts\/44254\/revisions"}],"predecessor-version":[{"id":44256,"href":"https:\/\/zonaroja.com.mx\/index.php?rest_route=\/wp\/v2\/posts\/44254\/revisions\/44256"}],"wp:featuredmedia":[{"embeddable":true,"href":"https:\/\/zonaroja.com.mx\/index.php?rest_route=\/wp\/v2\/media\/44255"}],"wp:attachment":[{"href":"https:\/\/zonaroja.com.mx\/index.php?rest_route=%2Fwp%2Fv2%2Fmedia&parent=44254"}],"wp:term":[{"taxonomy":"category","embeddable":true,"href":"https:\/\/zonaroja.com.mx\/index.php?rest_route=%2Fwp%2Fv2%2Fcategories&post=44254"},{"taxonomy":"post_tag","embeddable":true,"href":"https:\/\/zonaroja.com.mx\/index.php?rest_route=%2Fwp%2Fv2%2Ftags&post=44254"}],"curies":[{"name":"wp","href":"https:\/\/api.w.org\/{rel}","templated":true}]}}