{"id":44257,"date":"2022-08-05T07:13:50","date_gmt":"2022-08-05T12:13:50","guid":{"rendered":"http:\/\/www.zonaroja.com.mx\/?p=44257"},"modified":"2022-08-05T07:13:52","modified_gmt":"2022-08-05T12:13:52","slug":"identifican-a-mujer-que-fue-asesinada-a-balazos-en-pinotepa-nacional","status":"publish","type":"post","link":"https:\/\/zonaroja.com.mx\/?p=44257","title":{"rendered":"Identifican a mujer que fue asesinada a balazos en Pinotepa Nacional"},"content":{"rendered":"\n<p>Ismael Garc\u00eda M.\/Zona Roja.<\/p>\n\n\n\n<p>Oaxaca de Ju\u00e1rez, Oax., 5 de agosto de 2022.- Como Xitlali M. T., de aproximadamente 38 a\u00f1os de edad, fue identificada la mujer que fue asesinada a balazos ayer en Santiago Pinotepa Nacional.<\/p>\n\n\n\n<p>El cuerpo fue localizado alrededor de las 09:00 horas en camino que comunica a la colonia La Providencia con Loma Larga y seg\u00fan los primeros peritajes, presentaba disparos de arma de fuego en el cuerpo, uno de ellos en el p\u00f3mulo derecho.<\/p>\n\n\n\n<p>La v\u00edctima fue identificada por sus familiares y era propietaria de un bar en dicho municipio colindante con la regi\u00f3n de la Costa.<\/p>\n\n\n\n<p>FALLECE OTRO<\/p>\n\n\n\n<p>Por otra parte, en el hospital p\u00fablico de Pinotepa Nacional falleci\u00f3 anoche una segunda persona v\u00edctima de ataque armado en el exterior de la central camioneta, en la colonia Aviaci\u00f3n.<\/p>\n\n\n\n<p>Se trata de Jos\u00e9 Dami\u00e1n S. G., tambi\u00e9n de oficio, quien hab\u00eda resultado lesionado con otra persona, un menor de edad; en el sitio, muri\u00f3 el ruletero&nbsp; Rafael Pedro B. M., del sitio \u201cEstrella Blanca\u201d.<\/p>\n\n\n\n<p>ASESINADO EN AMILPAS<\/p>\n\n\n\n<p>Por otra parte, con respecto al individuo atacado anoche a balazos, cerca de las 21:00 horas en la calle Cipr\u00e9s de la colonia Llano Verde, Santa Cruz Amilpas, falleci\u00f3 en el Hospital Civil \u201cDr. Aurelio Valdivieso\u201d, seg\u00fan informes preliminares.<\/p>\n\n\n\n<p>La v\u00edctima transitaba con su motocicleta en dicha zona, por las riberas del r\u00edo \u201cSalado\u201d, cuando fue alcanzado por otro motociclista, que le dispar\u00f3 en el rostro y el t\u00f3rax.<\/p>\n\n\n\n<p>Hasta el momento no ha sido identificado y se calcula que ten\u00eda entre 25 y 30 a\u00f1os de edad.<\/p>\n","protected":false},"excerpt":{"rendered":"<p>Ismael Garc\u00eda M.\/Zona Roja. Oaxaca de Ju\u00e1rez, Oax., 5 de agosto de 2022.- Como Xitlali&hellip;<\/p>\n","protected":false},"author":2,"featured_media":44258,"comment_status":"closed","ping_status":"open","sticky":false,"template":"","format":"standard","meta":{"_lmt_disableupdate":"","_lmt_disable":"","_jetpack_memberships_contains_paid_content":false,"footnotes":""},"categories":[109,51],"tags":[651],"class_list":["post-44257","post","type-post","status-publish","format-standard","has-post-thumbnail","hentry","category-minuto-a-minuto","category-zona-roja","tag-santiago-pinotepa-nacional"],"jetpack_featured_media_url":"https:\/\/zonaroja.com.mx\/wp-content\/uploads\/2022\/08\/Cadaver-mujer-Pinotepa-Nacional.jpeg","jetpack_sharing_enabled":true,"_links":{"self":[{"href":"https:\/\/zonaroja.com.mx\/index.php?rest_route=\/wp\/v2\/posts\/44257","targetHints":{"allow":["GET"]}}],"collection":[{"href":"https:\/\/zonaroja.com.mx\/index.php?rest_route=\/wp\/v2\/posts"}],"about":[{"href":"https:\/\/zonaroja.com.mx\/index.php?rest_route=\/wp\/v2\/types\/post"}],"author":[{"embeddable":true,"href":"https:\/\/zonaroja.com.mx\/index.php?rest_route=\/wp\/v2\/users\/2"}],"replies":[{"embeddable":true,"href":"https:\/\/zonaroja.com.mx\/index.php?rest_route=%2Fwp%2Fv2%2Fcomments&post=44257"}],"version-history":[{"count":1,"href":"https:\/\/zonaroja.com.mx\/index.php?rest_route=\/wp\/v2\/posts\/44257\/revisions"}],"predecessor-version":[{"id":44259,"href":"https:\/\/zonaroja.com.mx\/index.php?rest_route=\/wp\/v2\/posts\/44257\/revisions\/44259"}],"wp:featuredmedia":[{"embeddable":true,"href":"https:\/\/zonaroja.com.mx\/index.php?rest_route=\/wp\/v2\/media\/44258"}],"wp:attachment":[{"href":"https:\/\/zonaroja.com.mx\/index.php?rest_route=%2Fwp%2Fv2%2Fmedia&parent=44257"}],"wp:term":[{"taxonomy":"category","embeddable":true,"href":"https:\/\/zonaroja.com.mx\/index.php?rest_route=%2Fwp%2Fv2%2Fcategories&post=44257"},{"taxonomy":"post_tag","embeddable":true,"href":"https:\/\/zonaroja.com.mx\/index.php?rest_route=%2Fwp%2Fv2%2Ftags&post=44257"}],"curies":[{"name":"wp","href":"https:\/\/api.w.org\/{rel}","templated":true}]}}