{"id":44263,"date":"2022-08-05T09:50:00","date_gmt":"2022-08-05T14:50:00","guid":{"rendered":"http:\/\/www.zonaroja.com.mx\/?p=44263"},"modified":"2022-08-05T07:52:29","modified_gmt":"2022-08-05T12:52:29","slug":"fortalecen-poder-judicial-de-oaxaca-y-la-universidad-de-girona-alianza-academica","status":"publish","type":"post","link":"https:\/\/zonaroja.com.mx\/?p=44263","title":{"rendered":"Fortalecen Poder Judicial de Oaxaca y la Universidad de Girona alianza acad\u00e9mica"},"content":{"rendered":"\n<p>Redacci\u00f3n\/Zona Roja.<\/p>\n\n\n\n<p>Oaxaca de Ju\u00e1rez, Oax., 5 de agosto de 2022.- En las actividades&nbsp;de&nbsp;formaci\u00f3n judicial especializada, que permita proporcionar las herramientas pedag\u00f3gicas, accesibles y claras que auxilien a las y los juzgadores en su labor de impartici\u00f3n de justicia, el Poder Judicial del Estado de Oaxaca, en&nbsp;colaboraci\u00f3n con la Escuela Federal&nbsp;de Formaci\u00f3n Judicial, presentaron&nbsp;el \u201cManual de Razonamiento Probatorio\u201d, con la presencia del coordinador del libro, doctor Jordi Ferrer Beltr\u00e1n,destacado&nbsp;acad\u00e9mico de la Universidad de Girona, Espa\u00f1a.&nbsp;<\/p>\n\n\n\n<p>Al dar la bienvenida al prestigiado jurista, el magistrado presidente Eduardo Pinacho S\u00e1nchez, se\u00f1al\u00f3 que&nbsp;la delicada operaci\u00f3n de juzgar a nuestros semejantes no debe depender de las intuiciones&nbsp;ni&nbsp;de las emociones subjetivas de quienes juzgan.&nbsp;<\/p>\n\n\n\n<p>\u201cPor el contrario, estimamos que la valoraci\u00f3n de la prueba, as\u00ed como el proceso y los procedimientos judiciales, deben estar sometidos a los saberes aportados por la ciencia, la l\u00f3gica y la metodolog\u00eda\u201d, indic\u00f3.<\/p>\n\n\n\n<p>Acompa\u00f1ado&nbsp;de la doctora&nbsp;Carmen V\u00e1squez Rojas,&nbsp;tambi\u00e9n&nbsp;acad\u00e9mica&nbsp;de la Universidad de Girona, del licenciado&nbsp;Jos\u00e9 Luis Tinajero, representante del doctor Arturo&nbsp;Barcena&nbsp;Zubieta, director general de&nbsp;la Escuela&nbsp;Federal de Formaci\u00f3n Judicial&nbsp;y del magistrado Mois\u00e9s Molina Reyes, presidente de la Sala Constitucional y Cuarta Sala Penal,&nbsp;reconoci\u00f3&nbsp;la valiosa aportaci\u00f3n a la comunidad jur\u00eddica y judicial de este Manual.<\/p>\n\n\n\n<p>Consider\u00f3 que la l\u00f3gica y la metodolog\u00eda son los instrumentos que hacen posible aumentar al m\u00e1ximo posible la certeza y seguridad en los&nbsp;juicios, interpretaciones y argumentaciones sobre los casos a resolver&nbsp;y&nbsp;el enfoque racional de la prueba, sustenta lo m\u00e1s y mejor posible la objetividad, profesionalismo, especialidad e imparcialidad en las decisiones judiciales que concretan el estado de Derecho y sus valores democr\u00e1ticos, sobre todo los derechos constitucionales.<\/p>\n\n\n\n<p>En la presentaci\u00f3n&nbsp;del Manual de Razonamiento Probatorio, el doctor Jordi Ferrer Beltr\u00e1n&nbsp;explic\u00f3&nbsp;que se trata de una herramienta \u00fatil para que las personas juzgadoras realicen un adecuado razonamiento de la prueba,&nbsp;con&nbsp;respeto y protecci\u00f3n de los Derechos&nbsp;Humanos&nbsp;ya que&nbsp;la \u00fanica forma de garantizar la seguridad jur\u00eddica como&nbsp;previsibilidad de las decisiones judiciales, es mediante una aplicaci\u00f3n del derecho&nbsp;que, en materia de hechos, acierte en la determinaci\u00f3n de estos de acuerdo con la&nbsp;verdad de lo sucedido.&nbsp;<\/p>\n\n\n\n<p>La conferencia completa se puede consultar en las redes sociales del Tribunal Superior de Justicia o en el enlace directo&nbsp;https:\/\/bit.ly\/3QCH8VJ.&nbsp;Asimismo, la obra se encuentra disponible en el portal institucional de la Suprema Corte de Justicia de la Naci\u00f3n&nbsp;https:\/\/bit.ly\/3zVGixG.<\/p>\n","protected":false},"excerpt":{"rendered":"<p>Redacci\u00f3n\/Zona Roja. Oaxaca de Ju\u00e1rez, Oax., 5 de agosto de 2022.- En las actividades&nbsp;de&nbsp;formaci\u00f3n judicial&hellip;<\/p>\n","protected":false},"author":2,"featured_media":44264,"comment_status":"closed","ping_status":"open","sticky":false,"template":"","format":"standard","meta":{"_lmt_disableupdate":"","_lmt_disable":"","_jetpack_memberships_contains_paid_content":false,"footnotes":""},"categories":[109,46],"tags":[223],"class_list":["post-44263","post","type-post","status-publish","format-standard","has-post-thumbnail","hentry","category-minuto-a-minuto","category-zona-blanca","tag-poder-judicial-de-oaxaca"],"jetpack_featured_media_url":"https:\/\/zonaroja.com.mx\/wp-content\/uploads\/2022\/08\/Poder-Judicial-de-Oaxaca.jpg","jetpack_sharing_enabled":true,"_links":{"self":[{"href":"https:\/\/zonaroja.com.mx\/index.php?rest_route=\/wp\/v2\/posts\/44263","targetHints":{"allow":["GET"]}}],"collection":[{"href":"https:\/\/zonaroja.com.mx\/index.php?rest_route=\/wp\/v2\/posts"}],"about":[{"href":"https:\/\/zonaroja.com.mx\/index.php?rest_route=\/wp\/v2\/types\/post"}],"author":[{"embeddable":true,"href":"https:\/\/zonaroja.com.mx\/index.php?rest_route=\/wp\/v2\/users\/2"}],"replies":[{"embeddable":true,"href":"https:\/\/zonaroja.com.mx\/index.php?rest_route=%2Fwp%2Fv2%2Fcomments&post=44263"}],"version-history":[{"count":1,"href":"https:\/\/zonaroja.com.mx\/index.php?rest_route=\/wp\/v2\/posts\/44263\/revisions"}],"predecessor-version":[{"id":44265,"href":"https:\/\/zonaroja.com.mx\/index.php?rest_route=\/wp\/v2\/posts\/44263\/revisions\/44265"}],"wp:featuredmedia":[{"embeddable":true,"href":"https:\/\/zonaroja.com.mx\/index.php?rest_route=\/wp\/v2\/media\/44264"}],"wp:attachment":[{"href":"https:\/\/zonaroja.com.mx\/index.php?rest_route=%2Fwp%2Fv2%2Fmedia&parent=44263"}],"wp:term":[{"taxonomy":"category","embeddable":true,"href":"https:\/\/zonaroja.com.mx\/index.php?rest_route=%2Fwp%2Fv2%2Fcategories&post=44263"},{"taxonomy":"post_tag","embeddable":true,"href":"https:\/\/zonaroja.com.mx\/index.php?rest_route=%2Fwp%2Fv2%2Ftags&post=44263"}],"curies":[{"name":"wp","href":"https:\/\/api.w.org\/{rel}","templated":true}]}}