{"id":44271,"date":"2022-08-05T15:42:34","date_gmt":"2022-08-05T20:42:34","guid":{"rendered":"http:\/\/www.zonaroja.com.mx\/?p=44271"},"modified":"2022-08-05T15:42:36","modified_gmt":"2022-08-05T20:42:36","slug":"acreditan-violencia-politica-en-razon-de-genero-en-contra-de-concejales-de-chazumba","status":"publish","type":"post","link":"https:\/\/zonaroja.com.mx\/?p=44271","title":{"rendered":"Acreditan violencia pol\u00edtica en raz\u00f3n de g\u00e9nero en contra de concejales de Chazumba"},"content":{"rendered":"\n<p>Redacci\u00f3n\/Zona Roja.&nbsp;<\/p>\n\n\n\n<p>Oaxaca de Ju\u00e1rez, Oax., a 5 de agosto de 2022.- En sesi\u00f3n p\u00fablica realizada mediante videoconferencia, el Pleno del Tribunal Electoral del Estado de Oaxaca (TEEO) acredit\u00f3 la violencia pol\u00edtica en raz\u00f3n de g\u00e9nero, cometida por el presidente municipal de Santiago Chazumba (Efra\u00edn Bautista Garc\u00eda), en contra de concejalas de esa localidad.<\/p>\n\n\n\n<p>Por unanimidad, la magistrada presidenta, el magistrado y la secretaria de estudio y cuenta en funciones de magistrada resolvieron en los juicios ciudadanos: JDC\/645\/2022 y su acumulado JDC\/28\/2022, que la autoridad responsable, de manera sistem\u00e1tica, &nbsp;ha obstaculizado el ejercicio del cargo de las concejales, desde de que contaban con la calidad de electas y, posterior a su toma de protesta, al quedar evidenciado que no las convoc\u00f3 de manera correcta al proceso de entrega-recepci\u00f3n del ayuntamiento y a las sesiones de Cabildo.<\/p>\n\n\n\n<p>Adem\u00e1s, no garantiz\u00f3 que este grupo de mujeres ingresaran libremente a las oficinas del ayuntamiento, ni haber proporcionado la documentaci\u00f3n necesaria para la acreditaci\u00f3n ante la Secretar\u00eda General de Gobierno. Y se document\u00f3 que se les solicit\u00f3 sus renuncias mediante coacci\u00f3n.<\/p>\n\n\n\n<p>El \u00f3rgano se\u00f1al\u00f3 que no fue conforme a derecho que el ayuntamiento revocara de sus cargos a las actoras, sin previa determinaci\u00f3n del Congreso del Estado, al resultar inconstitucional la parte final del art\u00edculo 85 de la Ley Org\u00e1nica Municipal del Estado de Oaxaca.<\/p>\n\n\n\n<p>Advirti\u00f3 que los argumentos expresados, en este caso, por el presidente municipal fueron insuficientes para desvirtuar la veracidad con que goza el dicho de las actoras.<\/p>\n\n\n\n<p>Por lo tanto, el TEEO pidi\u00f3 restituir a las concejales en el ejercicio de sus derechos pol\u00edtico-electorales, as\u00ed como, dict\u00f3 medidas de reparaci\u00f3n integral.<\/p>\n","protected":false},"excerpt":{"rendered":"<p>Redacci\u00f3n\/Zona Roja.&nbsp; Oaxaca de Ju\u00e1rez, Oax., a 5 de agosto de 2022.- En sesi\u00f3n p\u00fablica&hellip;<\/p>\n","protected":false},"author":2,"featured_media":44272,"comment_status":"closed","ping_status":"open","sticky":false,"template":"","format":"standard","meta":{"_lmt_disableupdate":"","_lmt_disable":"","_jetpack_memberships_contains_paid_content":false,"footnotes":""},"categories":[109,47],"tags":[3219,3184],"class_list":["post-44271","post","type-post","status-publish","format-standard","has-post-thumbnail","hentry","category-minuto-a-minuto","category-zona-gris","tag-efrain-bautista-garcia","tag-santiago-chazumba"],"jetpack_featured_media_url":"https:\/\/zonaroja.com.mx\/wp-content\/uploads\/2022\/08\/Edi-autoridades-Santiago-Chazumba.png","jetpack_sharing_enabled":true,"_links":{"self":[{"href":"https:\/\/zonaroja.com.mx\/index.php?rest_route=\/wp\/v2\/posts\/44271","targetHints":{"allow":["GET"]}}],"collection":[{"href":"https:\/\/zonaroja.com.mx\/index.php?rest_route=\/wp\/v2\/posts"}],"about":[{"href":"https:\/\/zonaroja.com.mx\/index.php?rest_route=\/wp\/v2\/types\/post"}],"author":[{"embeddable":true,"href":"https:\/\/zonaroja.com.mx\/index.php?rest_route=\/wp\/v2\/users\/2"}],"replies":[{"embeddable":true,"href":"https:\/\/zonaroja.com.mx\/index.php?rest_route=%2Fwp%2Fv2%2Fcomments&post=44271"}],"version-history":[{"count":1,"href":"https:\/\/zonaroja.com.mx\/index.php?rest_route=\/wp\/v2\/posts\/44271\/revisions"}],"predecessor-version":[{"id":44273,"href":"https:\/\/zonaroja.com.mx\/index.php?rest_route=\/wp\/v2\/posts\/44271\/revisions\/44273"}],"wp:featuredmedia":[{"embeddable":true,"href":"https:\/\/zonaroja.com.mx\/index.php?rest_route=\/wp\/v2\/media\/44272"}],"wp:attachment":[{"href":"https:\/\/zonaroja.com.mx\/index.php?rest_route=%2Fwp%2Fv2%2Fmedia&parent=44271"}],"wp:term":[{"taxonomy":"category","embeddable":true,"href":"https:\/\/zonaroja.com.mx\/index.php?rest_route=%2Fwp%2Fv2%2Fcategories&post=44271"},{"taxonomy":"post_tag","embeddable":true,"href":"https:\/\/zonaroja.com.mx\/index.php?rest_route=%2Fwp%2Fv2%2Ftags&post=44271"}],"curies":[{"name":"wp","href":"https:\/\/api.w.org\/{rel}","templated":true}]}}