{"id":44277,"date":"2022-08-05T18:58:00","date_gmt":"2022-08-05T23:58:00","guid":{"rendered":"http:\/\/www.zonaroja.com.mx\/?p=44277"},"modified":"2022-08-05T18:58:01","modified_gmt":"2022-08-05T23:58:01","slug":"participa-ieepco-en-conversatorio-organizado-en-el-congreso-de-oaxaca","status":"publish","type":"post","link":"https:\/\/zonaroja.com.mx\/?p=44277","title":{"rendered":"Participa IEEPCO en conversatorio organizado en el Congreso de Oaxaca"},"content":{"rendered":"\n<p>Redacci\u00f3n\/Zona Roja.&nbsp;<\/p>\n\n\n\n<p>Oaxaca de Ju\u00e1rez, Oax., 5 de agosto de 2022.- El Instituto Estatal Electoral y de Participaci\u00f3n Ciudadana de Oaxaca (IEEPCO) destac\u00f3 las acciones afirmativas planteadas durante los recientes procesos electorales, mismas que pueden ser consideradas como referente en la legislaci\u00f3n local a fin de garantizar la participaci\u00f3n pol\u00edtica de personas que forman parte de los grupos poblacionales hist\u00f3ricamente vulnerados.<\/p>\n\n\n\n<p>As\u00ed lo expres\u00f3 durante su participaci\u00f3n en el Conversatorio \u201cEvaluaci\u00f3n y Prospectiva de las Acciones Afirmativas en los Procesos Electorales de Oaxaca\u201d que se llev\u00f3 a cabo este mi\u00e9rcoles y jueves al interior del Congreso del Estado.&nbsp;<\/p>\n\n\n\n<p>De acuerdo con el encargado de despacho de la Direcci\u00f3n de Ejecutiva de Partidos Pol\u00edticos, Prerrogativas y Candidatos Independientes, Freddie Aguilar Aguilar, actualmente no hay una disposici\u00f3n legal expresa que establezca procedimientos, mecanismos o requisitos para garantizar acciones afirmativas en beneficio de los grupos hist\u00f3ricamente vulnerados, de ah\u00ed que el IEEPCO ha planteado lineamientos espec\u00edficos para los recientes procesos electorales. &nbsp;<\/p>\n\n\n\n<p>Es as\u00ed que, en 2021, se implement\u00f3 la figura de candidatura independiente ind\u00edgena y afromexicana misma que se consolid\u00f3 en el Proceso Electoral mediante el cual se eligi\u00f3 a quien estar\u00e1 al frente de la gubernatura del 2022 al 2028.<\/p>\n\n\n\n<p>Lo anterior dijo, sirve como base para que el Congreso del Estado pueda generar una Reforma Electoral que garantice la inclusi\u00f3n de la poblaci\u00f3n ind\u00edgena y afromexicana, misma que tendr\u00eda que realizarse con el tiempo suficiente para ser implementada en Proceso Electoral Ordinario 2023-2024 donde se disputar\u00e1n 25 diputaciones locales y 153 presidencias municipales. &nbsp;&nbsp;<\/p>\n\n\n\n<p>Por su parte, durante el panel \u201cDerechos pol\u00edticos electorales de las personas trans en M\u00e9xico con acciones afirmativas\u201d la consejera electoral, Jessica Jazibe Hern\u00e1ndez Garc\u00eda, recalc\u00f3 que la funci\u00f3n electoral ha requerido de acciones legislativas, jurisdiccionales y administrativas para garantizar el ejercicio pleno de los derechos pol\u00edtico-electorales de todas las personas.<\/p>\n\n\n\n<p>\u201cDesde el IEEPCO se han adoptado acciones enfocadas a erradicar la exclusi\u00f3n y discriminaci\u00f3n de mujeres, personas de la diversidad sexual, con discapacidad, ind\u00edgenas, personas afromexicanas, adultas mayores y j\u00f3venes para garantizar su goce igualitario de derechos\u201d, se\u00f1al\u00f3.&nbsp;<\/p>\n\n\n\n<p>Lo anterior qued\u00f3 de manifiesto en acciones afirmativas que establecieron cuotas para personas transg\u00e9nero, transexuales, intersexuales o muxes a trav\u00e9s de los lineamientos en materia de paridad de g\u00e9nero que deb\u00edan observar los partidos pol\u00edticos, coaliciones, candidaturas comunes e independientes en el registro de sus candidaturas en el proceso electoral 2017-2018.<\/p>\n\n\n\n<p>Mientras que la encargada de despacho de la Direcci\u00f3n de Ejecutiva de Educaci\u00f3n C\u00edvica y Participaci\u00f3n Ciudadana, Luisa Rebeca Garza L\u00f3pez, coment\u00f3 que por primera vez en el proceso electoral federal 2020-2021, el Instituto Nacional Electoral (INE) estableci\u00f3 que los partidos pol\u00edticos incluyeran a personas de la diversidad sexual como candidatas a los cargos de elecci\u00f3n popular.<\/p>\n\n\n\n<p>En este sentido, tambi\u00e9n record\u00f3 que el IEEPCO aprob\u00f3 la medida de nivelaci\u00f3n en donde especifica que las personas \u201ctrans\u201d, muxhe e \u201cintersex\u201d, pod\u00edan ser registradas en candidaturas de acuerdo a su identidad de g\u00e9nero, aunque no hubieran tenido una rectificaci\u00f3n de su acta de nacimiento.<\/p>\n\n\n\n<p>Cabe se\u00f1alar que durante la inauguraci\u00f3n del Conversatorio estuvo presente la consejera presidenta del IEEPCO, Elizabeth S\u00e1nchez Gonz\u00e1lez, quien se mantuvo atenta de las ponencias sobre la postulaci\u00f3n de candidaturas ind\u00edgenas y afromexicanas, personas con discapacidad, adultas mayores, j\u00f3venes, de la diversidad sexual, as\u00ed como de paridad de g\u00e9nero en la entidad.<\/p>\n\n\n\n<p>En este sentido, manifest\u00f3 que lo expuesto por las y los ponentes es fundamental para que el Instituto desde sus competencias implemente acciones a favor de los grupos en situaci\u00f3n de vulnerabilidad a fin de garantizar sus derechos pol\u00edtico-electorales.<\/p>\n","protected":false},"excerpt":{"rendered":"<p>Redacci\u00f3n\/Zona Roja.&nbsp; Oaxaca de Ju\u00e1rez, Oax., 5 de agosto de 2022.- El Instituto Estatal Electoral&hellip;<\/p>\n","protected":false},"author":2,"featured_media":44278,"comment_status":"closed","ping_status":"open","sticky":false,"template":"","format":"standard","meta":{"_lmt_disableupdate":"","_lmt_disable":"","_jetpack_memberships_contains_paid_content":false,"footnotes":""},"categories":[109,46],"tags":[2932],"class_list":["post-44277","post","type-post","status-publish","format-standard","has-post-thumbnail","hentry","category-minuto-a-minuto","category-zona-blanca","tag-instituto-estatal-electoral-y-de-participacion-ciudadana-de-oaxaca-ieepco"],"jetpack_featured_media_url":"https:\/\/zonaroja.com.mx\/wp-content\/uploads\/2022\/08\/Debate-Congreso-IEEPCO.jpeg","jetpack_sharing_enabled":true,"_links":{"self":[{"href":"https:\/\/zonaroja.com.mx\/index.php?rest_route=\/wp\/v2\/posts\/44277","targetHints":{"allow":["GET"]}}],"collection":[{"href":"https:\/\/zonaroja.com.mx\/index.php?rest_route=\/wp\/v2\/posts"}],"about":[{"href":"https:\/\/zonaroja.com.mx\/index.php?rest_route=\/wp\/v2\/types\/post"}],"author":[{"embeddable":true,"href":"https:\/\/zonaroja.com.mx\/index.php?rest_route=\/wp\/v2\/users\/2"}],"replies":[{"embeddable":true,"href":"https:\/\/zonaroja.com.mx\/index.php?rest_route=%2Fwp%2Fv2%2Fcomments&post=44277"}],"version-history":[{"count":1,"href":"https:\/\/zonaroja.com.mx\/index.php?rest_route=\/wp\/v2\/posts\/44277\/revisions"}],"predecessor-version":[{"id":44279,"href":"https:\/\/zonaroja.com.mx\/index.php?rest_route=\/wp\/v2\/posts\/44277\/revisions\/44279"}],"wp:featuredmedia":[{"embeddable":true,"href":"https:\/\/zonaroja.com.mx\/index.php?rest_route=\/wp\/v2\/media\/44278"}],"wp:attachment":[{"href":"https:\/\/zonaroja.com.mx\/index.php?rest_route=%2Fwp%2Fv2%2Fmedia&parent=44277"}],"wp:term":[{"taxonomy":"category","embeddable":true,"href":"https:\/\/zonaroja.com.mx\/index.php?rest_route=%2Fwp%2Fv2%2Fcategories&post=44277"},{"taxonomy":"post_tag","embeddable":true,"href":"https:\/\/zonaroja.com.mx\/index.php?rest_route=%2Fwp%2Fv2%2Ftags&post=44277"}],"curies":[{"name":"wp","href":"https:\/\/api.w.org\/{rel}","templated":true}]}}