{"id":44280,"date":"2022-08-05T20:19:07","date_gmt":"2022-08-06T01:19:07","guid":{"rendered":"http:\/\/www.zonaroja.com.mx\/?p=44280"},"modified":"2022-08-05T20:19:09","modified_gmt":"2022-08-06T01:19:09","slug":"exigen-a-hugo-jarquin-comprobar-acusaciones-contra-funcionaria-municipal","status":"publish","type":"post","link":"https:\/\/zonaroja.com.mx\/?p=44280","title":{"rendered":"Exigen a Hugo Jarqu\u00edn comprobar acusaciones contra funcionaria municipal"},"content":{"rendered":"\n<p>Yuridiana Sosa\/Zona Roja.<\/p>\n\n\n\n<p>Oaxaca de Ju\u00e1rez, Oax., 05 de agosto de 2022.- La disputa por los espacios p\u00fablicos en la capital de Oaxaca no cesan e incrementaron ante las celebraciones por la Guelaguetza, de la que el ex perredista Hugo Jarqu\u00edn intent\u00f3 aprovecharse para ganar espacios por \u201ctiempo determinado\u201d, vali\u00e9ndose hasta de acusaciones.<\/p>\n\n\n\n<p>La semana pasada, el dirigente de ambulantes acus\u00f3 que la directora de Comercio en V\u00eda P\u00fablica, Bibiana Garc\u00eda, hab\u00eda recibido dinero para permitir la instalaci\u00f3n de puestos ambulantes en una cantidad desmedida.<\/p>\n\n\n\n<p>El ex perredista, ex del PUP, ex de Morena y ahora priista lleg\u00f3 el pasado 28 de julio a palacio municipal, acompa\u00f1ado de seguidores ambulantes, a reclamar al edil Francisco Mart\u00ednez Neri que la directora de Comercio actuaba a conveniencia y por eso exig\u00edan su renuncia.<\/p>\n\n\n\n<p>\u201cCuando se acusa se deben presentar pruebas\u201d, revir\u00f3 este viernes Bibiana Garc\u00eda, quien explic\u00f3 que los vendedores de la calle del Carmen Alto se reubicaron a otro espacio por motivo de una verbena, as\u00ed como otros puestos no pudieron ser instalados.<\/p>\n\n\n\n<p>Segura de que no cometi\u00f3 ning\u00fan acto de corrupci\u00f3n por demostrar, Bibiana Garc\u00eda sostuvo que Hugo Jarqu\u00edn debe demostrar lo dicho con pruebas.<\/p>\n\n\n\n<figure class=\"wp-block-embed is-type-rich is-provider-twitter wp-block-embed-twitter\"><div class=\"wp-block-embed__wrapper\">\n<div class=\"twitter-tweet\"><blockquote class=\"twitter-tweet\" data-lang=\"es\"><p lang=\"es\" dir=\"ltr\"><a href=\"https:\/\/twitter.com\/hashtag\/%C3%9AltimoMinuto?src=hash&amp;ref_src=twsrc%5Etfw\">#\u00daltimoMinuto<\/a> <br>Son del Frente Popular \u201c14 de Junio\u201d los que no quieren quitar sus puestos a un costado del jard\u00edn \u201cAntonia Labastida\u201d, pese a tener vencido el permiso. <br>La directora de Comercio del <a href=\"https:\/\/twitter.com\/MunicipioOaxaca?ref_src=twsrc%5Etfw\">@MunicipioOaxaca<\/a> informa que tendr\u00e1n mesa de di\u00e1logo para solucionar el conflicto. <a href=\"https:\/\/t.co\/JIYmryIMfC\">pic.twitter.com\/JIYmryIMfC<\/a><\/p>&mdash; Zona Roja Oaxaca (@ZonaRoja_Oaxaca) <a href=\"https:\/\/twitter.com\/ZonaRoja_Oaxaca\/status\/1555597292035461120?ref_src=twsrc%5Etfw\">5 de agosto de 2022<\/a><\/blockquote><\/div>\n<\/div><\/figure>\n\n\n\n<p>RESISTENCIA<\/p>\n\n\n\n<p>Este mediod\u00eda, m\u00e1s de 40 vendedores ambulantes que se ubicaron en la calle lateral del parque \u201cAntonia Labastida\u201d con motivo de las fiestas de Guelaguetza se opusieron a desocupar el espacio tras vencer sus permisos el 4 de agosto.<\/p>\n\n\n\n<p>Ante un operativo de inspectores del \u00e1rea de Comercio en V\u00eda P\u00fablica del ayuntamiento, los vendedores adheridos a la organizaci\u00f3n Frente Popular \u201c14 de Junio\u201d se organizaron para impedir su desalojo.<\/p>\n\n\n\n<p>Argumentaron que contaban con un permiso para permanecer en el lugar hasta el 8 de agosto, adem\u00e1s que hab\u00edan pagado 27 mil pesos por 41 puestos, por lo que s\u00ed intentaba la autoridad municipal retirarlos \u201cantes de tiempo\u201d , con la fuerza p\u00fablica, se manifestar\u00edan con bloqueos en la capital.<\/p>\n\n\n\n<p>La directora del \u00e1rea, Bibiana Garc\u00eda, se\u00f1al\u00f3 que es falsa la declaraci\u00f3n sobre una extensi\u00f3n de permisos y para solucionar el conflicto se invit\u00f3 a los comerciantes a una mesa de trabajo.<\/p>\n\n\n\n<p>OTROS PERMISOS<\/p>\n\n\n\n<p>Esta semana el Cabildo de Oaxaca aprob\u00f3 la instalaci\u00f3n de puestos ambulantes con motivo de una verbena anual para la celebraci\u00f3n religiosa de la Iglesia de los Siete Pr\u00edncipes.<\/p>\n\n\n\n<p>Los puestos permanecer\u00e1n del 02 al 10 de agosto en las calles de Santos Degollado, Gonz\u00e1lez Ortega y Col\u00f3n.&nbsp;<\/p>\n","protected":false},"excerpt":{"rendered":"<p>Yuridiana Sosa\/Zona Roja. Oaxaca de Ju\u00e1rez, Oax., 05 de agosto de 2022.- La disputa por&hellip;<\/p>\n","protected":false},"author":2,"featured_media":44281,"comment_status":"closed","ping_status":"open","sticky":false,"template":"","format":"standard","meta":{"_lmt_disableupdate":"","_lmt_disable":"","_jetpack_memberships_contains_paid_content":false,"footnotes":""},"categories":[109,47],"tags":[2315],"class_list":["post-44280","post","type-post","status-publish","format-standard","has-post-thumbnail","hentry","category-minuto-a-minuto","category-zona-gris","tag-ayuntamiento-de-oaxaca-de-juarez"],"jetpack_featured_media_url":"https:\/\/zonaroja.com.mx\/wp-content\/uploads\/2022\/08\/Desalojo-comerciantes-ciudad-de-Oaxaca.jpg","jetpack_sharing_enabled":true,"_links":{"self":[{"href":"https:\/\/zonaroja.com.mx\/index.php?rest_route=\/wp\/v2\/posts\/44280","targetHints":{"allow":["GET"]}}],"collection":[{"href":"https:\/\/zonaroja.com.mx\/index.php?rest_route=\/wp\/v2\/posts"}],"about":[{"href":"https:\/\/zonaroja.com.mx\/index.php?rest_route=\/wp\/v2\/types\/post"}],"author":[{"embeddable":true,"href":"https:\/\/zonaroja.com.mx\/index.php?rest_route=\/wp\/v2\/users\/2"}],"replies":[{"embeddable":true,"href":"https:\/\/zonaroja.com.mx\/index.php?rest_route=%2Fwp%2Fv2%2Fcomments&post=44280"}],"version-history":[{"count":1,"href":"https:\/\/zonaroja.com.mx\/index.php?rest_route=\/wp\/v2\/posts\/44280\/revisions"}],"predecessor-version":[{"id":44282,"href":"https:\/\/zonaroja.com.mx\/index.php?rest_route=\/wp\/v2\/posts\/44280\/revisions\/44282"}],"wp:featuredmedia":[{"embeddable":true,"href":"https:\/\/zonaroja.com.mx\/index.php?rest_route=\/wp\/v2\/media\/44281"}],"wp:attachment":[{"href":"https:\/\/zonaroja.com.mx\/index.php?rest_route=%2Fwp%2Fv2%2Fmedia&parent=44280"}],"wp:term":[{"taxonomy":"category","embeddable":true,"href":"https:\/\/zonaroja.com.mx\/index.php?rest_route=%2Fwp%2Fv2%2Fcategories&post=44280"},{"taxonomy":"post_tag","embeddable":true,"href":"https:\/\/zonaroja.com.mx\/index.php?rest_route=%2Fwp%2Fv2%2Ftags&post=44280"}],"curies":[{"name":"wp","href":"https:\/\/api.w.org\/{rel}","templated":true}]}}