{"id":44283,"date":"2022-08-05T21:08:10","date_gmt":"2022-08-06T02:08:10","guid":{"rendered":"http:\/\/www.zonaroja.com.mx\/?p=44283"},"modified":"2022-08-05T21:08:11","modified_gmt":"2022-08-06T02:08:11","slug":"inicia-santa-lucia-del-camino-plan-cero-basura-para-reducir-desechos","status":"publish","type":"post","link":"https:\/\/zonaroja.com.mx\/?p=44283","title":{"rendered":"Inicia Santa Luc\u00eda del Camino plan \u201cCero Basura\u201d, para reducir desechos"},"content":{"rendered":"\n<p>Redacci\u00f3n\/Zona Roja.<\/p>\n\n\n\n<p>Oaxaca de Ju\u00e1rez, Oax., 5 de agosto de 2022.- El ayuntamiento de Santa Luc\u00eda del Camino, preocupado por la grave crisis que se vive en torno a la generaci\u00f3n de residuos tras el cierre del tiradero municipal, ha decidido actuar con responsabilidad para proteger la salud de las familias del municipio, por lo que este d\u00eda el presidente municipal Juan Carlos Garc\u00eda M\u00e1rquez lanz\u00f3 oficialmente el plan \u201cCero Basura\u201d.<\/p>\n\n\n\n<p>\u201cHoy es una problem\u00e1tica que enfrentamos 25 municipios de la zona metropolitana, pero no podemos quedarnos parados y tenemos que avanzar; la separaci\u00f3n de basura es algo inevitable a corto y largo plazo, es algo que tenemos que hacer ya, y en el ayuntamiento de Santa Luc\u00eda del Camino estamos trabajando de la mano de la ciudadan\u00eda para el bienestar de todos\u201d, manifest\u00f3.<\/p>\n\n\n\n<p>Este proyecto estar\u00e1 encaminado a reducir, reciclar y reutilizar la gran mayor\u00eda de los desechos generados en el hogar; mientras la basura org\u00e1nica puede ser utilizada como una composta, la clasificaci\u00f3n de los residuos inorg\u00e1nicos, como el pet, el cart\u00f3n, aluminio y m\u00e1s, pueden tener una segunda vida. Y de eso se encargar\u00e1 precisamente este plan.<\/p>\n\n\n\n<p>Juan Carlos Garc\u00eda M\u00e1rquez detall\u00f3 que, a partir del pr\u00f3ximo lunes 8 de agosto, personal del municipio que ya se encuentra completamente capacitado, recorrer\u00e1 todas las colonias, fraccionamientos y agencias de Santa Luc\u00eda del Camino, para recoger los residuos org\u00e1nicos, as\u00ed como los inorg\u00e1nicos que no puedan ser reutilizados, considerados basura como tal, como es el papel higi\u00e9nico, toallas sanitarias y m\u00e1s.<\/p>\n\n\n\n<p>\u201cEste es un proyecto piloto, a prueba y error, porque no hay en el estado una referencia de c\u00f3mo se debe hacer esta actividad; hemos trabajado en perfeccionar, habr\u00e1 fallas evidentemente, pero las vamos a corregir. Yo les pido su apoyo y comprensi\u00f3n para que tengamos un Santa Luc\u00eda ecol\u00f3gicamente saludable\u201d, se\u00f1al\u00f3 el presidente municipal.<\/p>\n\n\n\n<p>Finalmente, Garc\u00eda M\u00e1rquez reconoci\u00f3 el compromiso y responsabilidad de las y los vecinos que se han sumado a las acciones para que Santa Luc\u00eda del Camino se convierta en un municipio sustentable, esto con la implementaci\u00f3n de compostas comunitarias, la separaci\u00f3n de residuos, as\u00ed como mantener las calles libres de basura.<\/p>\n","protected":false},"excerpt":{"rendered":"<p>Redacci\u00f3n\/Zona Roja. Oaxaca de Ju\u00e1rez, Oax., 5 de agosto de 2022.- El ayuntamiento de Santa&hellip;<\/p>\n","protected":false},"author":2,"featured_media":44284,"comment_status":"closed","ping_status":"open","sticky":false,"template":"","format":"standard","meta":{"_lmt_disableupdate":"","_lmt_disable":"","_jetpack_memberships_contains_paid_content":false,"footnotes":""},"categories":[109,46],"tags":[337],"class_list":["post-44283","post","type-post","status-publish","format-standard","has-post-thumbnail","hentry","category-minuto-a-minuto","category-zona-blanca","tag-santa-lucia-del-camino"],"jetpack_featured_media_url":"https:\/\/zonaroja.com.mx\/wp-content\/uploads\/2022\/08\/Santa-Lucia-del-Camino-edil-Juan-Carlos-Garcia.jpg","jetpack_sharing_enabled":true,"_links":{"self":[{"href":"https:\/\/zonaroja.com.mx\/index.php?rest_route=\/wp\/v2\/posts\/44283","targetHints":{"allow":["GET"]}}],"collection":[{"href":"https:\/\/zonaroja.com.mx\/index.php?rest_route=\/wp\/v2\/posts"}],"about":[{"href":"https:\/\/zonaroja.com.mx\/index.php?rest_route=\/wp\/v2\/types\/post"}],"author":[{"embeddable":true,"href":"https:\/\/zonaroja.com.mx\/index.php?rest_route=\/wp\/v2\/users\/2"}],"replies":[{"embeddable":true,"href":"https:\/\/zonaroja.com.mx\/index.php?rest_route=%2Fwp%2Fv2%2Fcomments&post=44283"}],"version-history":[{"count":1,"href":"https:\/\/zonaroja.com.mx\/index.php?rest_route=\/wp\/v2\/posts\/44283\/revisions"}],"predecessor-version":[{"id":44285,"href":"https:\/\/zonaroja.com.mx\/index.php?rest_route=\/wp\/v2\/posts\/44283\/revisions\/44285"}],"wp:featuredmedia":[{"embeddable":true,"href":"https:\/\/zonaroja.com.mx\/index.php?rest_route=\/wp\/v2\/media\/44284"}],"wp:attachment":[{"href":"https:\/\/zonaroja.com.mx\/index.php?rest_route=%2Fwp%2Fv2%2Fmedia&parent=44283"}],"wp:term":[{"taxonomy":"category","embeddable":true,"href":"https:\/\/zonaroja.com.mx\/index.php?rest_route=%2Fwp%2Fv2%2Fcategories&post=44283"},{"taxonomy":"post_tag","embeddable":true,"href":"https:\/\/zonaroja.com.mx\/index.php?rest_route=%2Fwp%2Fv2%2Ftags&post=44283"}],"curies":[{"name":"wp","href":"https:\/\/api.w.org\/{rel}","templated":true}]}}