{"id":44307,"date":"2022-08-06T10:07:00","date_gmt":"2022-08-06T15:07:00","guid":{"rendered":"http:\/\/www.zonaroja.com.mx\/?p=44307"},"modified":"2022-08-06T07:12:17","modified_gmt":"2022-08-06T12:12:17","slug":"entrega-conagua-titulos-de-concesion-a-16-comunidades-indigenas-de-oaxaca","status":"publish","type":"post","link":"https:\/\/zonaroja.com.mx\/?p=44307","title":{"rendered":"Entrega Conagua t\u00edtulos de concesi\u00f3n a 16 comunidades ind\u00edgenas de Oaxaca"},"content":{"rendered":"\n<p>Redacci\u00f3n\/Zona Roja.<\/p>\n\n\n\n<p>Oaxaca de Ju\u00e1rez, Oax., 6 de agosto de 2022.- Este viernes se abrieron&nbsp;nuevas v\u00edas de colaboraci\u00f3n entre el Estado&nbsp;mexicano&nbsp;y comunidades ind\u00edgenas&nbsp;de los Valles Centrales de Oaxaca, al concluir un proceso&nbsp;hist\u00f3rico&nbsp;que reconoce&nbsp;su&nbsp;derecho a coadyuvar en la administraci\u00f3n y preservaci\u00f3n de las aguas nacionales.<\/p>\n\n\n\n<p>As\u00ed lo declar\u00f3 el director general de la Comisi\u00f3n Nacional del Agua (Conagua), Germ\u00e1n Arturo Mart\u00ednez Santoyo, durante la&nbsp;entrega de&nbsp;16&nbsp;t\u00edtulos de concesi\u00f3n comunitarios ind\u00edgenas&nbsp;a comunidades&nbsp;zapotecas de los Valles Centrales.<\/p>\n\n\n\n<p>En Santa Ana Zegache, Ocotl\u00e1n, Mart\u00ednez Santoyo\u00a0destac\u00f3 que, como nunca antes, el gobierno del Presidente Andr\u00e9s Manuel L\u00f3pez Obrador impulsa una pol\u00edtica comprometida con la protecci\u00f3n y el reconocimiento de los derechos de nuestros pueblos originarios.\u00a0<\/p>\n\n\n\n<p>Por ello,&nbsp;se trabaja de manera coordinada para&nbsp;eliminar la desigualdad, la discriminaci\u00f3n y la injusticia contra los pueblos ind\u00edgenas, as\u00ed como para&nbsp;asegurarles todas sus&nbsp;garant\u00edas fundamentales,&nbsp;dentro de&nbsp;las cuales&nbsp;es fundamental el Derecho Humano al Agua, que se concreta con la entrega de concesiones comunitarias.<\/p>\n\n\n\n<p>Detall\u00f3 que&nbsp;fue&nbsp;resultado de un proceso que iniciaron estas comunidades en 2007 y al que administraciones anteriores&nbsp;no brindaron atenci\u00f3n adecuada, e indic\u00f3 que&nbsp;fue hasta esta administraci\u00f3n cuando, atendiendo al compromiso del Presidente,&nbsp;se&nbsp;aceler\u00f3&nbsp;el&nbsp;proceso que, en total, incluy\u00f3 32 asambleas informativas y 11 mesas de&nbsp;trabajo, demostrando que la ley puede estar al servicio de todos, en especial de las&nbsp;poblaciones m\u00e1s desprotegidas.<\/p>\n\n\n\n<p>El titular de la Conagua\u00a0hizo \u00e9nfasis en el\u00a0acompa\u00f1amiento fundamental\u00a0en este proceso\u00a0del Instituto Nacional de los Pueblos Ind\u00edgenas, de\u00a0la Oficina de la Alta Comisionada de la Organizaci\u00f3n de las Naciones Unidas para los Derechos Humanos y de la Defensor\u00eda de los Derechos Humanos del Pueblo de Oaxaca,\u00a0de la Coordinadora de Pueblos Unidos por el Cuidado y la Defensa del Agua\u00a0(COPUDA), as\u00ed como del Centro de Derechos Ind\u00edgenas \u00abFlor y Canto\u00bb.<\/p>\n\n\n\n<figure class=\"wp-block-embed is-type-rich is-provider-twitter wp-block-embed-twitter\"><div class=\"wp-block-embed__wrapper\">\n<div class=\"twitter-tweet\"><blockquote class=\"twitter-tweet\" data-lang=\"es\"><p lang=\"es\" dir=\"ltr\">En un hecho hist\u00f3rico, la <a href=\"https:\/\/twitter.com\/conagua_mx?ref_src=twsrc%5Etfw\">@conagua_mx<\/a> entreg\u00f3 en Santa Ana Zegache, <a href=\"https:\/\/twitter.com\/hashtag\/Oaxaca?src=hash&amp;ref_src=twsrc%5Etfw\">#Oaxaca<\/a>, 16 t\u00edtulos de concesi\u00f3n comunitarios ind\u00edgenas a localidades de Valles Centrales.<br><br>Concluye un largo proceso que reconoce su derecho a coadyuvar en la conservaci\u00f3n y preservaci\u00f3n de las aguas nacionales <a href=\"https:\/\/t.co\/7t2pKbZTD5\">pic.twitter.com\/7t2pKbZTD5<\/a><\/p>&mdash; Germ\u00e1n A. Mart\u00ednez Santoyo (@GermanMSantoyo) <a href=\"https:\/\/twitter.com\/GermanMSantoyo\/status\/1555658526269267970?ref_src=twsrc%5Etfw\">5 de agosto de 2022<\/a><\/blockquote><\/div>\n<\/div><\/figure>\n\n\n\n<p>En mensaje grabado,&nbsp;Mar\u00eda Luisa Albores Gonz\u00e1lez, secretaria de Medio Ambiente y Recursos Naturales,&nbsp;destac\u00f3 que las concesiones que hoy se entregan son&nbsp;las primeras de tipo comunitario&nbsp;e ind\u00edgena, lo que marca un precedente hist\u00f3rico en el reconocimiento de los derechos de los pueblos y su corresponsabilidad en el cuidado y disfrute del agua.&nbsp;<\/p>\n\n\n\n<p>Dijo que esta acci\u00f3n demuestra que solo a trav\u00e9s del di\u00e1logo, la escucha y la colaboraci\u00f3n entre el gobierno y el pueblo se puede alcanzar una verdadera justicia social y ambiental.&nbsp;<\/p>\n\n\n\n<p>Asimismo, reconoci\u00f3 la labor de los integrantes de la Copuda y del Centro de Derechos Ind\u00edgenas \u201cFlor y Canto\u201d, al ser aliados y guardianes en el cuidado, preservaci\u00f3n y defensa del agua en sus territorios para beneficio de las presentes y futuras generaciones.&nbsp;<\/p>\n\n\n\n<p>Y asegur\u00f3 que el gobierno de la Cuarta Transformaci\u00f3n seguir\u00e1 dando voz a las organizaciones colectivas y pueblos originarios en defensa de los recursos naturales.<\/p>\n\n\n\n<p>Adelfo Regino Montes, titular del Instituto Nacional de los Pueblos Ind\u00edgenas, expuso que este acto es una muestra de la disposici\u00f3n e inter\u00e9s del Gobierno de M\u00e9xico por los pueblos&nbsp;originarios, ya que la entrega de estas concesiones sienta una nueva base normativa para que sean los pueblos quienes administren, en coordinaci\u00f3n con la Conagua y otras instancias competentes, su derecho leg\u00edtimo al agua.<\/p>\n\n\n\n<p>Agradeci\u00f3 al titular de la Conagua, pues gracias a&nbsp;su&nbsp;labor se logr\u00f3 dar este paso hist\u00f3rico, que en otros tiempos parec\u00eda imposible, debido a la resistencia de otorgar agua a los pueblos ind\u00edgenas, quienes han reclamado por a\u00f1os el leg\u00edtimo derecho que hoy es reconocido por el presidente Andr\u00e9s Manuel L\u00f3pez Obrador.<\/p>\n\n\n\n<p>&nbsp;En su momento, el coordinador del Centro de Derechos Ind\u00edgenas \u201cFlor y Canto\u201d, A. C. Nadir Hern\u00e1ndez Quiroz,&nbsp;reconoci\u00f3&nbsp;el logro del decreto y el reconocimiento de la lucha de los pueblos ind\u00edgenas. &nbsp;<\/p>\n\n\n\n<p>Las localidades a las que se les otorgaron las concesiones son Asunci\u00f3n Ocotl\u00e1n, San Mat\u00edas Chilazoa, Tejas de Morelos, San Felipe Ap\u00f3stol, San Jacinto Ocotl\u00e1n, El Porvenir, Maguey Largo, San Antonio Castillo Velasco, San Mart\u00edn Tilcajete, San Sebasti\u00e1n Ocotl\u00e1n, Santiago Ap\u00f3stol, San Pedro Ap\u00f3stol, San Pedro M\u00e1rtir, San Isidro Zegache, Santa Ana Zegache y La Barda Paso de Piedras.<\/p>\n","protected":false},"excerpt":{"rendered":"<p>Redacci\u00f3n\/Zona Roja. Oaxaca de Ju\u00e1rez, Oax., 6 de agosto de 2022.- Este viernes se abrieron&nbsp;nuevas&hellip;<\/p>\n","protected":false},"author":2,"featured_media":44308,"comment_status":"closed","ping_status":"open","sticky":false,"template":"","format":"standard","meta":{"_lmt_disableupdate":"","_lmt_disable":"","_jetpack_memberships_contains_paid_content":false,"footnotes":""},"categories":[109,46],"tags":[1686],"class_list":["post-44307","post","type-post","status-publish","format-standard","has-post-thumbnail","hentry","category-minuto-a-minuto","category-zona-blanca","tag-comision-nacional-del-agua-conagua"],"jetpack_featured_media_url":"https:\/\/zonaroja.com.mx\/wp-content\/uploads\/2022\/08\/Conagua-concesiones-agua.jpeg","jetpack_sharing_enabled":true,"_links":{"self":[{"href":"https:\/\/zonaroja.com.mx\/index.php?rest_route=\/wp\/v2\/posts\/44307","targetHints":{"allow":["GET"]}}],"collection":[{"href":"https:\/\/zonaroja.com.mx\/index.php?rest_route=\/wp\/v2\/posts"}],"about":[{"href":"https:\/\/zonaroja.com.mx\/index.php?rest_route=\/wp\/v2\/types\/post"}],"author":[{"embeddable":true,"href":"https:\/\/zonaroja.com.mx\/index.php?rest_route=\/wp\/v2\/users\/2"}],"replies":[{"embeddable":true,"href":"https:\/\/zonaroja.com.mx\/index.php?rest_route=%2Fwp%2Fv2%2Fcomments&post=44307"}],"version-history":[{"count":1,"href":"https:\/\/zonaroja.com.mx\/index.php?rest_route=\/wp\/v2\/posts\/44307\/revisions"}],"predecessor-version":[{"id":44309,"href":"https:\/\/zonaroja.com.mx\/index.php?rest_route=\/wp\/v2\/posts\/44307\/revisions\/44309"}],"wp:featuredmedia":[{"embeddable":true,"href":"https:\/\/zonaroja.com.mx\/index.php?rest_route=\/wp\/v2\/media\/44308"}],"wp:attachment":[{"href":"https:\/\/zonaroja.com.mx\/index.php?rest_route=%2Fwp%2Fv2%2Fmedia&parent=44307"}],"wp:term":[{"taxonomy":"category","embeddable":true,"href":"https:\/\/zonaroja.com.mx\/index.php?rest_route=%2Fwp%2Fv2%2Fcategories&post=44307"},{"taxonomy":"post_tag","embeddable":true,"href":"https:\/\/zonaroja.com.mx\/index.php?rest_route=%2Fwp%2Fv2%2Ftags&post=44307"}],"curies":[{"name":"wp","href":"https:\/\/api.w.org\/{rel}","templated":true}]}}