{"id":44314,"date":"2022-08-06T07:28:02","date_gmt":"2022-08-06T12:28:02","guid":{"rendered":"http:\/\/www.zonaroja.com.mx\/?p=44314"},"modified":"2022-08-06T07:28:03","modified_gmt":"2022-08-06T12:28:03","slug":"violo-a-una-nina-en-un-autobus-en-el-istmo-lo-detienen-y-vinculan-a-proceso","status":"publish","type":"post","link":"https:\/\/zonaroja.com.mx\/?p=44314","title":{"rendered":"Viol\u00f3 a una ni\u00f1a en un autob\u00fas en el Istmo; lo detienen y vinculan a proceso"},"content":{"rendered":"\n<p>Redacci\u00f3n\/Zona Roja.<\/p>\n\n\n\n<p>Oaxaca de Ju\u00e1rez, Oax., a 6 de agosto de 2022.- La Fiscal\u00eda General del Estado de Oaxaca (FGEO) obtuvo auto de vinculaci\u00f3n a proceso contra la persona del sexo masculino identificada como B. H. M., probable responsable del delito de violaci\u00f3n en agravio de una adolescente -de identidad reservada por ley-, cometido en jurisdicci\u00f3n de Santo Domingo Tehuantepec, en la regi\u00f3n del Istmo.<\/p>\n\n\n\n<p>De acuerdo a la causa penal 287\/2022, el 19 de abril del a\u00f1o en curso, el imputado probablemente agredi\u00f3 de manera sexual a la v\u00edctima despu\u00e9s de abordar un autob\u00fas que se encontraba estacionado en inmediaciones del Hospital General de Tehuantepec.<\/p>\n\n\n\n<p>Ante este hecho y tras la denuncia presentada, la instituci\u00f3n de procuraci\u00f3n de justicia intervino para iniciar actos de investigaci\u00f3n los cuales permitieron aprehender y presentar al probable agresor sexual ante el Juzgado de Control.<\/p>\n\n\n\n<p>En audiencia y tras validar los datos de prueba proporcionados por la Vicefiscal\u00eda Regional del Istmo, el Juez en turno determin\u00f3 vincular a proceso a B. H. M., imponiendo la medida cautelar de prisi\u00f3n preventiva oficiosa y otorg\u00f3 dos meses para el cierre de investigaci\u00f3n complementaria.<\/p>\n\n\n\n<p>En delitos sexuales, la Fiscal\u00eda de Oaxaca realiza investigaciones exhaustivas que permitan dar con los responsables, a fin de present\u00e1ndolos ante la justicia y aplicarles todo el rigor de la ley.&nbsp;<\/p>\n\n\n\n<p>(Comunicado)<\/p>\n","protected":false},"excerpt":{"rendered":"<p>Redacci\u00f3n\/Zona Roja. Oaxaca de Ju\u00e1rez, Oax., a 6 de agosto de 2022.- La Fiscal\u00eda General&hellip;<\/p>\n","protected":false},"author":2,"featured_media":12570,"comment_status":"closed","ping_status":"open","sticky":false,"template":"","format":"standard","meta":{"_lmt_disableupdate":"","_lmt_disable":"","_jetpack_memberships_contains_paid_content":false,"footnotes":""},"categories":[109,46],"tags":[494],"class_list":["post-44314","post","type-post","status-publish","format-standard","has-post-thumbnail","hentry","category-minuto-a-minuto","category-zona-blanca","tag-fiscalia-general-del-estado-de-oaxaca"],"jetpack_featured_media_url":"https:\/\/zonaroja.com.mx\/wp-content\/uploads\/2020\/05\/Abuso-sexual-ni\u00f1as-2.jpeg","jetpack_sharing_enabled":true,"_links":{"self":[{"href":"https:\/\/zonaroja.com.mx\/index.php?rest_route=\/wp\/v2\/posts\/44314","targetHints":{"allow":["GET"]}}],"collection":[{"href":"https:\/\/zonaroja.com.mx\/index.php?rest_route=\/wp\/v2\/posts"}],"about":[{"href":"https:\/\/zonaroja.com.mx\/index.php?rest_route=\/wp\/v2\/types\/post"}],"author":[{"embeddable":true,"href":"https:\/\/zonaroja.com.mx\/index.php?rest_route=\/wp\/v2\/users\/2"}],"replies":[{"embeddable":true,"href":"https:\/\/zonaroja.com.mx\/index.php?rest_route=%2Fwp%2Fv2%2Fcomments&post=44314"}],"version-history":[{"count":1,"href":"https:\/\/zonaroja.com.mx\/index.php?rest_route=\/wp\/v2\/posts\/44314\/revisions"}],"predecessor-version":[{"id":44315,"href":"https:\/\/zonaroja.com.mx\/index.php?rest_route=\/wp\/v2\/posts\/44314\/revisions\/44315"}],"wp:featuredmedia":[{"embeddable":true,"href":"https:\/\/zonaroja.com.mx\/index.php?rest_route=\/wp\/v2\/media\/12570"}],"wp:attachment":[{"href":"https:\/\/zonaroja.com.mx\/index.php?rest_route=%2Fwp%2Fv2%2Fmedia&parent=44314"}],"wp:term":[{"taxonomy":"category","embeddable":true,"href":"https:\/\/zonaroja.com.mx\/index.php?rest_route=%2Fwp%2Fv2%2Fcategories&post=44314"},{"taxonomy":"post_tag","embeddable":true,"href":"https:\/\/zonaroja.com.mx\/index.php?rest_route=%2Fwp%2Fv2%2Ftags&post=44314"}],"curies":[{"name":"wp","href":"https:\/\/api.w.org\/{rel}","templated":true}]}}