{"id":44316,"date":"2022-08-06T07:34:49","date_gmt":"2022-08-06T12:34:49","guid":{"rendered":"http:\/\/www.zonaroja.com.mx\/?p=44316"},"modified":"2022-08-06T07:34:50","modified_gmt":"2022-08-06T12:34:50","slug":"tercer-dia-de-atrapados-en-mina-en-coahuila-y-nada-de-rescate","status":"publish","type":"post","link":"https:\/\/zonaroja.com.mx\/?p=44316","title":{"rendered":"Tercer d\u00eda de atrapados en mina en Coahuila y nada de rescate"},"content":{"rendered":"\n<p>Redacci\u00f3n\/Zona Roja Cdmx.<\/p>\n\n\n\n<p>Ciudad de M\u00e9xico, 6 de agosto de 2022.- Transcurridos m\u00e1s de dos d\u00edas y medio del accidente en el pozo de carb\u00f3n que se localiza en Sabinas, y donde permanecen atrapados al menos 10 trabajadores mineros, la esperanza de localizarlos y rescatarlos con vida se mantiene latente entre sus familiares.<\/p>\n\n\n\n<p>Luego de un tercer d\u00eda caracterizado por una gran actividad en la zona donde se registr\u00f3 el incidente, que contrast\u00f3 con el silencio de las autoridades hacia los familiares de los mineros que se localizan en el exterior del lugar y con quienes Nazira Zogbi Castro, titular de la Secretar\u00eda del Trabajo, se comprometieron a entregarles la informaci\u00f3n que han venido exigiendo desde el inicio; una luz de esperanza se mantiene.<\/p>\n\n\n\n<p>Y es que, las hermanas Blanca y Norma Rivera, primas de los mineros atrapados Jos\u00e9 Moreno y Jos\u00e9 Moreno Jr, dijeron a medios de comunicaci\u00f3n sentirse enga\u00f1adas por las autoridades; manifestaron que hay desacuerdos por la informaci\u00f3n que se les proporciona en un momento y que transcurridas algunas horas les dicen otra.<\/p>\n\n\n\n<p>Adem\u00e1s, abordaron diversos temas, como que el encargado del pozo ya se present\u00f3 y les dio la cara, asimismo se refiri\u00f3 que a mitad de la reuni\u00f3n de la noche del viernes eligieron a una persona que los representar\u00eda; al cual le dieron un recorrido por el lugar y les inform\u00f3 que es poco lo que ha descendido el agua, refiriendo que son solo cent\u00edmetros, pero que a\u00fan as\u00ed hay esperanza.<\/p>\n\n\n\n<p>\u00abHay una bolsa de aire, donde ellos se pueden refugiar y pueden respirar. Ahorita mi primo dice que s\u00ed hay esperanzas\u00bb, manifestaron Blanca y Norma Rivera.<\/p>\n\n\n\n<p>(Informaci\u00f3n de \u201cEl Siglo de Torre\u00f3n\u201d)<\/p>\n","protected":false},"excerpt":{"rendered":"<p>Redacci\u00f3n\/Zona Roja Cdmx. Ciudad de M\u00e9xico, 6 de agosto de 2022.- Transcurridos m\u00e1s de dos&hellip;<\/p>\n","protected":false},"author":2,"featured_media":44317,"comment_status":"closed","ping_status":"open","sticky":false,"template":"","format":"standard","meta":{"_lmt_disableupdate":"","_lmt_disable":"","_jetpack_memberships_contains_paid_content":false,"footnotes":""},"categories":[109,47],"tags":[3220],"class_list":["post-44316","post","type-post","status-publish","format-standard","has-post-thumbnail","hentry","category-minuto-a-minuto","category-zona-gris","tag-sabinas-coahuila"],"jetpack_featured_media_url":"https:\/\/zonaroja.com.mx\/wp-content\/uploads\/2022\/08\/Mina-Sabinas-Coahuila.jpeg","jetpack_sharing_enabled":true,"_links":{"self":[{"href":"https:\/\/zonaroja.com.mx\/index.php?rest_route=\/wp\/v2\/posts\/44316","targetHints":{"allow":["GET"]}}],"collection":[{"href":"https:\/\/zonaroja.com.mx\/index.php?rest_route=\/wp\/v2\/posts"}],"about":[{"href":"https:\/\/zonaroja.com.mx\/index.php?rest_route=\/wp\/v2\/types\/post"}],"author":[{"embeddable":true,"href":"https:\/\/zonaroja.com.mx\/index.php?rest_route=\/wp\/v2\/users\/2"}],"replies":[{"embeddable":true,"href":"https:\/\/zonaroja.com.mx\/index.php?rest_route=%2Fwp%2Fv2%2Fcomments&post=44316"}],"version-history":[{"count":1,"href":"https:\/\/zonaroja.com.mx\/index.php?rest_route=\/wp\/v2\/posts\/44316\/revisions"}],"predecessor-version":[{"id":44318,"href":"https:\/\/zonaroja.com.mx\/index.php?rest_route=\/wp\/v2\/posts\/44316\/revisions\/44318"}],"wp:featuredmedia":[{"embeddable":true,"href":"https:\/\/zonaroja.com.mx\/index.php?rest_route=\/wp\/v2\/media\/44317"}],"wp:attachment":[{"href":"https:\/\/zonaroja.com.mx\/index.php?rest_route=%2Fwp%2Fv2%2Fmedia&parent=44316"}],"wp:term":[{"taxonomy":"category","embeddable":true,"href":"https:\/\/zonaroja.com.mx\/index.php?rest_route=%2Fwp%2Fv2%2Fcategories&post=44316"},{"taxonomy":"post_tag","embeddable":true,"href":"https:\/\/zonaroja.com.mx\/index.php?rest_route=%2Fwp%2Fv2%2Ftags&post=44316"}],"curies":[{"name":"wp","href":"https:\/\/api.w.org\/{rel}","templated":true}]}}