{"id":44323,"date":"2022-08-06T08:05:15","date_gmt":"2022-08-06T13:05:15","guid":{"rendered":"http:\/\/www.zonaroja.com.mx\/?p=44323"},"modified":"2022-08-06T08:05:17","modified_gmt":"2022-08-06T13:05:17","slug":"tension-mundial-china-vs-eu-rusia-vs-ucrania-israel-vs-gaza","status":"publish","type":"post","link":"https:\/\/zonaroja.com.mx\/?p=44323","title":{"rendered":"Tensi\u00f3n mundial: China vs. EU; Rusia vs. Ucrania; Israel vs. Gaza"},"content":{"rendered":"\n<p>Redacci\u00f3n\/Zona Roja Cdmx.<\/p>\n\n\n\n<p>Ciudad de M\u00e9xico, 6 de agosto de 2022.- Bombardeos israel\u00edes contra la franja de Gaza dejaron ayer al menos 15 muertos, entre ellos una ni\u00f1a de cinco a\u00f1os y un dirigente de la organizaci\u00f3n Yihad Isl\u00e1mica, as\u00ed como 75 heridos, por lo que milicianos palestinos dispararon unos 100 cohetes contra territorio atacante pero sin causar da\u00f1os a Israel.<\/p>\n\n\n\n<p>El jefe del Estado Mayor de las Fuerzas de Defensa de Israel, Aviv Kochavi, orden\u00f3 a sus militares que entren en \u201cestado de emergencia\u201d tras el inicio de una operaci\u00f3n de bombardeo contra objetivos en el enclave palestino.<\/p>\n\n\n\n<p>El ej\u00e9rcito de Tel Aviv anunci\u00f3 que trasladar\u00e1 a la brigada Golani y al cuerpo blindado a la frontera de Gaza y llamar\u00e1 a 25 mil reservistas ante una posible agravamiento de la situaci\u00f3n, inform\u00f3 el diario Haaretz.<\/p>\n\n\n\n<p>Israel llev\u00f3 a cabo dos series de bombardeos con pocas horas de diferencia y confirm\u00f3 la muerte de 15 personas a quienes identific\u00f3 como \u201ccombatientes de la Yihad Isl\u00e1mica\u201d. Asegur\u00f3 que los ataques fueron contra sitios de fabricaci\u00f3n de armas.<\/p>\n\n\n\n<p>CHINA-EU<\/p>\n\n\n\n<p>La ruptura de las comunicaciones entre China y Estados Unidos elev\u00f3 la espiral decadente de tensiones entre ambas potencias.<\/p>\n\n\n\n<p>Las maniobras militares cercanas a Taiw\u00e1n por parte de Pek\u00edn se caracterizan por ser inusualmente en\u00e9rgicas, motivo por el cual Taip\u00e9i moviliz\u00f3 a sus fuerzas armadas ante un \u00abposible ataque simulado\u00bb del Ej\u00e9rcito chino.<\/p>\n\n\n\n<p>Taip\u00e9i emiti\u00f3 alertas y despleg\u00f3 patrullas a\u00e9reas y navales, activando asimismo sus sistemas de misiles terrestres, al igual que hizo durante la jornada de ayer ante la \u00abfuerte provocaci\u00f3n\u00bb del cruce de la l\u00ednea media del Estrecho por parte de \u00abvarios\u00bb buques y aviones chinos.<\/p>\n\n\n\n<p>RUSIA-UCRANIA<\/p>\n\n\n\n<p>A ello se suma la evoluci\u00f3n de una guerra de desgaste entre Rusia y Ucrania, de las cuales Mosc\u00fa ha advertido encarecidamente que no ceder\u00e1 hasta derrocar al Gobierno de Kiev, el cual ha calificado de neonazi.<\/p>\n\n\n\n<p>Si bien estos conflictos han ido en aumento y son considerados relativamente j\u00f3venes, a ellos se suman las guerras entre Israel y Palestina, as\u00ed como el conflicto civil sirio y el de Yemen, entre otros.<\/p>\n\n\n\n<p>La ret\u00f3rica disuasoria que involucra el uso de armamento nuclear ha abierto nuevamente un debate y condena ante las Naciones Unidas.<\/p>\n\n\n\n<p>En declaraciones vertidas en Hiroshima durante el aniversario del bombardeo at\u00f3mico de esa ciudad japonesa, Antonio Guterres, secretario general de la ONU, advirti\u00f3 que la humanidad \u00abjuega con un arma cargada\u00bb debido a la proliferaci\u00f3n nuclear y a los focos de conflicto abiertos.<\/p>\n\n\n\n<p>(Con informaci\u00f3n de \u201cLa Jornada\u201d y \u201cEl Siglo de Torre\u00f3n\u201d)<\/p>\n","protected":false},"excerpt":{"rendered":"<p>Redacci\u00f3n\/Zona Roja Cdmx. Ciudad de M\u00e9xico, 6 de agosto de 2022.- Bombardeos israel\u00edes contra la&hellip;<\/p>\n","protected":false},"author":2,"featured_media":44324,"comment_status":"closed","ping_status":"open","sticky":false,"template":"","format":"standard","meta":{"_lmt_disableupdate":"","_lmt_disable":"","_jetpack_memberships_contains_paid_content":false,"footnotes":""},"categories":[109,47],"tags":[2668],"class_list":["post-44323","post","type-post","status-publish","format-standard","has-post-thumbnail","hentry","category-minuto-a-minuto","category-zona-gris","tag-conflicto-gaza-israel"],"jetpack_featured_media_url":"https:\/\/zonaroja.com.mx\/wp-content\/uploads\/2022\/08\/Guerra-Gaza-Israel.webp","jetpack_sharing_enabled":true,"_links":{"self":[{"href":"https:\/\/zonaroja.com.mx\/index.php?rest_route=\/wp\/v2\/posts\/44323","targetHints":{"allow":["GET"]}}],"collection":[{"href":"https:\/\/zonaroja.com.mx\/index.php?rest_route=\/wp\/v2\/posts"}],"about":[{"href":"https:\/\/zonaroja.com.mx\/index.php?rest_route=\/wp\/v2\/types\/post"}],"author":[{"embeddable":true,"href":"https:\/\/zonaroja.com.mx\/index.php?rest_route=\/wp\/v2\/users\/2"}],"replies":[{"embeddable":true,"href":"https:\/\/zonaroja.com.mx\/index.php?rest_route=%2Fwp%2Fv2%2Fcomments&post=44323"}],"version-history":[{"count":1,"href":"https:\/\/zonaroja.com.mx\/index.php?rest_route=\/wp\/v2\/posts\/44323\/revisions"}],"predecessor-version":[{"id":44325,"href":"https:\/\/zonaroja.com.mx\/index.php?rest_route=\/wp\/v2\/posts\/44323\/revisions\/44325"}],"wp:featuredmedia":[{"embeddable":true,"href":"https:\/\/zonaroja.com.mx\/index.php?rest_route=\/wp\/v2\/media\/44324"}],"wp:attachment":[{"href":"https:\/\/zonaroja.com.mx\/index.php?rest_route=%2Fwp%2Fv2%2Fmedia&parent=44323"}],"wp:term":[{"taxonomy":"category","embeddable":true,"href":"https:\/\/zonaroja.com.mx\/index.php?rest_route=%2Fwp%2Fv2%2Fcategories&post=44323"},{"taxonomy":"post_tag","embeddable":true,"href":"https:\/\/zonaroja.com.mx\/index.php?rest_route=%2Fwp%2Fv2%2Ftags&post=44323"}],"curies":[{"name":"wp","href":"https:\/\/api.w.org\/{rel}","templated":true}]}}