{"id":4433,"date":"2019-09-30T17:24:36","date_gmt":"2019-09-30T22:24:36","guid":{"rendered":"http:\/\/www.zonaroja.com.mx\/?p=4433"},"modified":"2019-09-30T17:24:39","modified_gmt":"2019-09-30T22:24:39","slug":"rechaza-congreso-local-aprobar-cuentas-publicas-municipales-2017","status":"publish","type":"post","link":"https:\/\/zonaroja.com.mx\/?p=4433","title":{"rendered":"Rechaza Congreso local aprobar cuentas p\u00fablicas municipales 2017"},"content":{"rendered":"\n<p>Ismael Garc\u00eda M.\/Zona Roja.<\/p>\n\n\n\n<p>San Raymundo Jalpan, Oax., 30 de septiembre\nde 2019.- Por unanimidad, el pleno de la 64 Legislatura rechaz\u00f3 hoy aprobar la\npropuesta de decreto de las cuentas p\u00fablicas 2017 de los ayuntamientos.<\/p>\n\n\n\n<p>En sesi\u00f3n extraordinaria efectuada este\nlunes y con 40 votos &#8211;dos legisladores pidieron permiso para ausentarse&#8211; fue avalado\nel dictamen elaborado por la Comisi\u00f3n Permanente de Vigilancia del \u00d3rgano\nSuperior de Fiscal\u00edzaci\u00f3n, que preside el diputado Horacio Sosa Villavicencio.<\/p>\n\n\n\n<p>En tribuna, el representante popular del\nPartido Morena expuso que seg\u00fan datos de 2017 publicados por el propio \u00d3rgano\nSuperior de Fiscalizaci\u00f3n, de los 570 municipios, \u00fanicamente audit\u00f3 a 74; es\ndecir, s\u00f3lo fiscaliz\u00f3 a 13 por ciento del total de los municipios del estado.<\/p>\n\n\n\n<p>\u201cLa falta de sanci\u00f3n y los resultados en recuperaci\u00f3n de activos son francamente lamentables, por decir lo menos. Se realizan pocas auditor\u00edas; todav\u00eda menos resultan en acciones judiciales o administrativas, y de ellas muy, muy pocas derivan en alguna condena, o en sanciones efectivas\u201d, dijo.<\/p>\n\n\n\n<figure class=\"wp-block-embed-twitter wp-block-embed is-type-rich is-provider-twitter\"><div class=\"wp-block-embed__wrapper\">\n<div class=\"twitter-tweet\"><blockquote class=\"twitter-tweet\" data-lang=\"es\"><p lang=\"es\" dir=\"ltr\">En sesi\u00f3n extraordinaria, con 40 votos el <a href=\"https:\/\/twitter.com\/CongresoOaxLXIV?ref_src=twsrc%5Etfw\">@CongresoOaxLXIV<\/a> aprob\u00f3 rechazar las cuentas p\u00fablicas municipales 2017, debido a diversas irregularidades existentes; el dictamen fue le\u00eddo por el presidente de la Comisi\u00f3n Permanente de Vigilancia, diputado <a href=\"https:\/\/twitter.com\/HoracioSosaOax?ref_src=twsrc%5Etfw\">@HoracioSosaOax<\/a>. <a href=\"https:\/\/t.co\/eVGCGAnTRo\">pic.twitter.com\/eVGCGAnTRo<\/a><\/p>&mdash; Zona Roja Oaxaca (@MexRoja) <a href=\"https:\/\/twitter.com\/MexRoja\/status\/1178749684933726208?ref_src=twsrc%5Etfw\">30 de septiembre de 2019<\/a><\/blockquote><\/div>\n<\/div><\/figure>\n\n\n\n<p>Por ello: <\/p>\n\n\n\n<p>\u201cDespu\u00e9s los an\u00e1lisis necesarios, la\nComisi\u00f3n Permanente de Vigilancia del \u00d3rgano Superior de Fiscalizaci\u00f3n, que\ntengo el honor de presidir, elabor\u00f3 un dictamen en el sentido de no aprobar las\ncuentas p\u00fablicas municipales del ejercicio fiscal 2017.<\/p>\n\n\n\n<p>\u201cEsto se debe a que es insuficiente la\ninformaci\u00f3n aportada, pues a estas fechas el \u00d3rgano Superior a\u00fan se encuentra\nen la fase de investigaci\u00f3n para integrar los informes de presunta responsabilidad\nadministrativa\u201d.<\/p>\n\n\n\n<p>Sosa Villavicencio detall\u00f3 que hay\nmunicipios que no presentaron cuenta p\u00fablica 2017 y con ellos no pasa nada. <\/p>\n\n\n\n<p>\u201cEs necesario instruir al \u00d3rgano\nSuperior para que incluya en el programa anual de auditor\u00edas a los municipios\nque no cumplieron con esa obligaci\u00f3n, y posteriormente remita los resultados a\nesta soberan\u00eda\u201d.<\/p>\n\n\n\n<p>A\u00f1adi\u00f3 que se instruy\u00f3 tambi\u00e9n al \u00d3rgano\nSuperior para que d\u00e9 seguimiento a los procedimientos de revisi\u00f3n y\nfiscalizaci\u00f3n, y tambi\u00e9n en su oportunidad presente un reporte del resultado\nfinal de cada una de ellas.<\/p>\n\n\n\n<p>\u201cEs claro que la aprobaci\u00f3n de presente\ndictamen no suspende las acciones legales promovidas por \u00e9l \u00d3rgano Superior de\nFiscalizaci\u00f3n del Estado. Es claro tambi\u00e9n que las deficiencias observadas no\nsolamente exhiben la precariedad con que el m\u00e1ximo ente fiscalizador del estado\ndesempe\u00f1a sus funciones constitucionales, sus limitaciones operativas y su\nfalta de capacidad t\u00e9cnica. <\/p>\n\n\n\n<p>\u201cHabla tambi\u00e9n de la deficiencia de los\nordenamientos legales para garantizar la eficacia de la fiscalizaci\u00f3n y la\nevaluaci\u00f3n de los entes p\u00fablicos\u201d, remarc\u00f3.<\/p>\n","protected":false},"excerpt":{"rendered":"<p>Ismael Garc\u00eda M.\/Zona Roja. San Raymundo Jalpan, Oax., 30 de septiembre de 2019.- Por unanimidad,&hellip;<\/p>\n","protected":false},"author":2,"featured_media":4434,"comment_status":"closed","ping_status":"open","sticky":false,"template":"","format":"standard","meta":{"_lmt_disableupdate":"","_lmt_disable":"","_jetpack_memberships_contains_paid_content":false,"footnotes":""},"categories":[109,47],"tags":[213,792,444],"class_list":["post-4433","post","type-post","status-publish","format-standard","has-post-thumbnail","hentry","category-minuto-a-minuto","category-zona-gris","tag-64-legislatura-de-oaxaca","tag-cuenta-publica-2017","tag-horacio-sosa-villavicencio"],"jetpack_featured_media_url":"https:\/\/zonaroja.com.mx\/wp-content\/uploads\/2019\/09\/PHOTO-2019-09-30-17-01-46.jpg","jetpack_sharing_enabled":true,"_links":{"self":[{"href":"https:\/\/zonaroja.com.mx\/index.php?rest_route=\/wp\/v2\/posts\/4433","targetHints":{"allow":["GET"]}}],"collection":[{"href":"https:\/\/zonaroja.com.mx\/index.php?rest_route=\/wp\/v2\/posts"}],"about":[{"href":"https:\/\/zonaroja.com.mx\/index.php?rest_route=\/wp\/v2\/types\/post"}],"author":[{"embeddable":true,"href":"https:\/\/zonaroja.com.mx\/index.php?rest_route=\/wp\/v2\/users\/2"}],"replies":[{"embeddable":true,"href":"https:\/\/zonaroja.com.mx\/index.php?rest_route=%2Fwp%2Fv2%2Fcomments&post=4433"}],"version-history":[{"count":1,"href":"https:\/\/zonaroja.com.mx\/index.php?rest_route=\/wp\/v2\/posts\/4433\/revisions"}],"predecessor-version":[{"id":4435,"href":"https:\/\/zonaroja.com.mx\/index.php?rest_route=\/wp\/v2\/posts\/4433\/revisions\/4435"}],"wp:featuredmedia":[{"embeddable":true,"href":"https:\/\/zonaroja.com.mx\/index.php?rest_route=\/wp\/v2\/media\/4434"}],"wp:attachment":[{"href":"https:\/\/zonaroja.com.mx\/index.php?rest_route=%2Fwp%2Fv2%2Fmedia&parent=4433"}],"wp:term":[{"taxonomy":"category","embeddable":true,"href":"https:\/\/zonaroja.com.mx\/index.php?rest_route=%2Fwp%2Fv2%2Fcategories&post=4433"},{"taxonomy":"post_tag","embeddable":true,"href":"https:\/\/zonaroja.com.mx\/index.php?rest_route=%2Fwp%2Fv2%2Ftags&post=4433"}],"curies":[{"name":"wp","href":"https:\/\/api.w.org\/{rel}","templated":true}]}}