{"id":44331,"date":"2022-08-06T15:27:07","date_gmt":"2022-08-06T20:27:07","guid":{"rendered":"http:\/\/www.zonaroja.com.mx\/?p=44331"},"modified":"2022-08-06T15:27:09","modified_gmt":"2022-08-06T20:27:09","slug":"infierno-en-cuba-77-heridos-y-17-desaparecidos-tras-explosiones","status":"publish","type":"post","link":"https:\/\/zonaroja.com.mx\/?p=44331","title":{"rendered":"Infierno en Cuba: 77 heridos y 17 desaparecidos tras explosiones"},"content":{"rendered":"\n<p>Redacci\u00f3n\/Zona Roja Cdmx.<\/p>\n\n\n\n<p>Ciudad de M\u00e9xico, 6 de agosto de 2022.- El puerto de Matanzas, en el oeste de Cuba, vive un infierno por\u00a0el incendio de dos tanques de petr\u00f3leo que se registr\u00f3 este s\u00e1bado en una zona industrial que hasta el momento ha registrado 17 desaparecidos y 77 heridos por quemaduras, reportados tres en estado cr\u00edtico, otros tres muy graves y 12 graves.\u00a0<\/p>\n\n\n\n<p>Se reportan 17 desaparecidos, \u00abbomberos que estaban en la zona m\u00e1s cercana\u00bb al incendio, inform\u00f3 la presidencia de la isla, que a\u00f1adi\u00f3 que \u00abCuba solicit\u00f3 ayuda y asesoramiento a pa\u00edses amigos con experiencia en el tema petrolero\u00bb, por lo que&nbsp;M\u00e9xico podr\u00eda enviar ayuda en las pr\u00f3ximas horas.<\/p>\n\n\n\n<p>&nbsp;\u00abLa extinci\u00f3n del incendi\u00f3 a\u00fan puede tardar\u00bb, coment\u00f3 en Twitter el presidente Miguel D\u00edaz-Canel, mientras que el director de Comercio y Suministro de la estatal Uni\u00f3n Cuba-Petr\u00f3leo (Cupet), Asbel Leal, precis\u00f3 que el pa\u00eds nunca hab\u00eda enfrentado un incendio de \u00abla magnitud que tenemos hoy\u00bb.<\/p>\n\n\n\n<p>El fuego se desat\u00f3 el viernes por la tarde despu\u00e9s de que&nbsp;un rayo impactara en uno de los tanques de la base de supertanqueros situada a las afueras de Matanzas, 100 kil\u00f3metros al este de La Habana. \u00abSe sinti\u00f3 el estruendo, como una ola de aire que te llevaba para atr\u00e1s\u00bb, dijo a la AFP Laura Mart\u00ednez, vecina de la comunidad de La Ganadera, a unos dos kil\u00f3metros de la zona del siniestro.<\/p>\n\n\n\n<p>Seg\u00fan Cupet, el primer dep\u00f3sito \u00abconten\u00eda unos 26.000 metros c\u00fabicos de crudo nacional, alrededor del 50% de su capacidad m\u00e1xima\u00bb, cuando fue impactado por el rayo. El segundo dep\u00f3sito ten\u00eda 52.000 metros c\u00fabicos de fuel oil.&nbsp;&nbsp;<\/p>\n\n\n\n<p>\u00abAl parecer se produjo un fallo en el sistema de pararrayos, que no pudo soportar la energ\u00eda de la descarga el\u00e9ctrica\u00bb, seg\u00fan el medio local \u00abGranma\u00bb.<\/p>\n\n\n\n<p>Danger Ricardo, un soldador de 37 a\u00f1os que trabaja en el lugar, no se explica c\u00f3mo fall\u00f3 el sistema de pararrayos de los tanques. &nbsp; Los dos tanques abastecen la termoel\u00e9ctrica Antonio Guiteras, la mayor de Cuba, pero el bombeo hacia esa planta no se ha detenido, a\u00f1adi\u00f3 Granma.<\/p>\n\n\n\n<p>Dos helic\u00f3pteros comenzaron a trabaja en las tareas de extinci\u00f3n el s\u00e1bado por la ma\u00f1ana frente a la bah\u00eda de Matanzas, una ciudad de 140.000 habitantes. Grupos de bomberos agotados se concentraban afuera de la planta a la espera de poder entrar a buscar a sus compa\u00f1eros que no pudieron salir en el momento de la segunda explosi\u00f3n.<\/p>\n\n\n\n<p>El incendio se produce en momentos en que la isla sufre desde mayo pasado dificultades para satisfacer la mayor demanda de energ\u00eda debido al calor veraniego. La obsolescencia de sus ocho termoel\u00e9ctricas, roturas, mantenimientos programados y la falta de combustible lastran la generaci\u00f3n el\u00e9ctrica.&nbsp;&nbsp;<\/p>\n\n\n\n<p>(Informaci\u00f3n de AFP en \u201cEl Heraldo de M\u00e9xico\u201d)<\/p>\n","protected":false},"excerpt":{"rendered":"<p>Redacci\u00f3n\/Zona Roja Cdmx. Ciudad de M\u00e9xico, 6 de agosto de 2022.- El puerto de Matanzas,&hellip;<\/p>\n","protected":false},"author":2,"featured_media":44328,"comment_status":"closed","ping_status":"open","sticky":false,"template":"","format":"standard","meta":{"_lmt_disableupdate":"","_lmt_disable":"","_jetpack_memberships_contains_paid_content":false,"footnotes":""},"categories":[109,47],"tags":[3221],"class_list":["post-44331","post","type-post","status-publish","format-standard","has-post-thumbnail","hentry","category-minuto-a-minuto","category-zona-gris","tag-incendio-planta-cuba"],"jetpack_featured_media_url":"https:\/\/zonaroja.com.mx\/wp-content\/uploads\/2022\/08\/Incendio-Matanza-Cuba.jpg","jetpack_sharing_enabled":true,"_links":{"self":[{"href":"https:\/\/zonaroja.com.mx\/index.php?rest_route=\/wp\/v2\/posts\/44331","targetHints":{"allow":["GET"]}}],"collection":[{"href":"https:\/\/zonaroja.com.mx\/index.php?rest_route=\/wp\/v2\/posts"}],"about":[{"href":"https:\/\/zonaroja.com.mx\/index.php?rest_route=\/wp\/v2\/types\/post"}],"author":[{"embeddable":true,"href":"https:\/\/zonaroja.com.mx\/index.php?rest_route=\/wp\/v2\/users\/2"}],"replies":[{"embeddable":true,"href":"https:\/\/zonaroja.com.mx\/index.php?rest_route=%2Fwp%2Fv2%2Fcomments&post=44331"}],"version-history":[{"count":1,"href":"https:\/\/zonaroja.com.mx\/index.php?rest_route=\/wp\/v2\/posts\/44331\/revisions"}],"predecessor-version":[{"id":44332,"href":"https:\/\/zonaroja.com.mx\/index.php?rest_route=\/wp\/v2\/posts\/44331\/revisions\/44332"}],"wp:featuredmedia":[{"embeddable":true,"href":"https:\/\/zonaroja.com.mx\/index.php?rest_route=\/wp\/v2\/media\/44328"}],"wp:attachment":[{"href":"https:\/\/zonaroja.com.mx\/index.php?rest_route=%2Fwp%2Fv2%2Fmedia&parent=44331"}],"wp:term":[{"taxonomy":"category","embeddable":true,"href":"https:\/\/zonaroja.com.mx\/index.php?rest_route=%2Fwp%2Fv2%2Fcategories&post=44331"},{"taxonomy":"post_tag","embeddable":true,"href":"https:\/\/zonaroja.com.mx\/index.php?rest_route=%2Fwp%2Fv2%2Ftags&post=44331"}],"curies":[{"name":"wp","href":"https:\/\/api.w.org\/{rel}","templated":true}]}}