{"id":44337,"date":"2022-08-06T15:34:50","date_gmt":"2022-08-06T20:34:50","guid":{"rendered":"http:\/\/www.zonaroja.com.mx\/?p=44337"},"modified":"2022-08-06T20:48:48","modified_gmt":"2022-08-07T01:48:48","slug":"moreniastas-en-oaxaca-rechazan-elecciones-internas-critican-irregularidades","status":"publish","type":"post","link":"https:\/\/zonaroja.com.mx\/?p=44337","title":{"rendered":"Morenistas en Oaxaca rechazan elecciones internas; critican irregularidades"},"content":{"rendered":"\n<p>Yuridiana Sosa\/Zona Roja.<\/p>\n\n\n\n<p>Oaxaca de Ju\u00e1rez, Oax., a 6 de agosto de 2022.- Convencionistas de Morena en Oaxaca rechazaron el proceso interno del partido para la elecci\u00f3n de congresistas rumbo a la renovaci\u00f3n del Comit\u00e9 Ejecutivo Nacional.<\/p>\n\n\n\n<p>Los integrantes de esta nueva corriente de Morena reconocieron y se\u00f1alaron las irregularidades con las que se llev\u00f3 a cabo la elecci\u00f3n interna, lo que para ellos solo representa la transformaci\u00f3n de Morena en una agencia de colocaci\u00f3n de candidaturas y cargos.<\/p>\n\n\n\n<p>En conferencia de prensa en la ciudad de Oaxaca, a una semana del proceso electoral, los convencionistas morenistas primero se\u00f1alaron los claros intereses de los funcionarios p\u00fablicos, desde gobernadores \u2013y electos-, presidentes municipales y hasta de grupos de otros partidos pol\u00edticos.<\/p>\n\n\n\n<p>\u201cLo que vimos y vivimos en la elecci\u00f3n interna de morena fue manipulaci\u00f3n, compra de votos y acarreo desmedido, funcionarios p\u00fablicos, tanto federal como estatales y municipales registrados para ser congresista\u201d, puntualizaron.<\/p>\n\n\n\n<p>Dicho proceso, aseveraron, abri\u00f3 la puerta a grupos priistas, perredistas y hasta panistas, opositores de Andr\u00e9s Manuel L\u00f3pez Obrador durante los procesos electorales nacionales del 2006 y 2012.<\/p>\n\n\n\n<p>Por los diversos actos, la Convenci\u00f3n Nacional Morenista present\u00f3 600 impugnaciones, las cuales de forma p\u00fablica son respaldadas por testimonios y hechos de ese momento que circularon en redes sociales.<\/p>\n\n\n\n<p>Un evento de este tipo obliga a los \u201cmorenistas de cepa reconstruir el partido que requiere la cuarta transformaci\u00f3n m\u00e1s all\u00e1 de este sexenio\u201d, se\u00f1alaron en conferencia de prensa.<\/p>\n\n\n\n<p>Motivo por el que convocaron a la segunda Convenci\u00f3n Nacional Morenista, en el Monumento a la Revoluci\u00f3n de la Ciudad de M\u00e9xico, que se realizar\u00e1 el pr\u00f3ximo 21 de agosto, para establecer tareas urgentes e inmediatas.<\/p>\n","protected":false},"excerpt":{"rendered":"<p>Yuridiana Sosa\/Zona Roja. Oaxaca de Ju\u00e1rez, Oax., a 6 de agosto de 2022.- Convencionistas de&hellip;<\/p>\n","protected":false},"author":2,"featured_media":44338,"comment_status":"closed","ping_status":"open","sticky":false,"template":"","format":"standard","meta":{"_lmt_disableupdate":"","_lmt_disable":"","_jetpack_memberships_contains_paid_content":false,"footnotes":""},"categories":[109,47],"tags":[871],"class_list":["post-44337","post","type-post","status-publish","format-standard","has-post-thumbnail","hentry","category-minuto-a-minuto","category-zona-gris","tag-partido-morena-oaxaca"],"jetpack_featured_media_url":"https:\/\/zonaroja.com.mx\/wp-content\/uploads\/2022\/08\/Conferencia-Convencion-Estatal-Morenista.jpg","jetpack_sharing_enabled":true,"_links":{"self":[{"href":"https:\/\/zonaroja.com.mx\/index.php?rest_route=\/wp\/v2\/posts\/44337","targetHints":{"allow":["GET"]}}],"collection":[{"href":"https:\/\/zonaroja.com.mx\/index.php?rest_route=\/wp\/v2\/posts"}],"about":[{"href":"https:\/\/zonaroja.com.mx\/index.php?rest_route=\/wp\/v2\/types\/post"}],"author":[{"embeddable":true,"href":"https:\/\/zonaroja.com.mx\/index.php?rest_route=\/wp\/v2\/users\/2"}],"replies":[{"embeddable":true,"href":"https:\/\/zonaroja.com.mx\/index.php?rest_route=%2Fwp%2Fv2%2Fcomments&post=44337"}],"version-history":[{"count":2,"href":"https:\/\/zonaroja.com.mx\/index.php?rest_route=\/wp\/v2\/posts\/44337\/revisions"}],"predecessor-version":[{"id":44341,"href":"https:\/\/zonaroja.com.mx\/index.php?rest_route=\/wp\/v2\/posts\/44337\/revisions\/44341"}],"wp:featuredmedia":[{"embeddable":true,"href":"https:\/\/zonaroja.com.mx\/index.php?rest_route=\/wp\/v2\/media\/44338"}],"wp:attachment":[{"href":"https:\/\/zonaroja.com.mx\/index.php?rest_route=%2Fwp%2Fv2%2Fmedia&parent=44337"}],"wp:term":[{"taxonomy":"category","embeddable":true,"href":"https:\/\/zonaroja.com.mx\/index.php?rest_route=%2Fwp%2Fv2%2Fcategories&post=44337"},{"taxonomy":"post_tag","embeddable":true,"href":"https:\/\/zonaroja.com.mx\/index.php?rest_route=%2Fwp%2Fv2%2Ftags&post=44337"}],"curies":[{"name":"wp","href":"https:\/\/api.w.org\/{rel}","templated":true}]}}