{"id":44344,"date":"2022-08-07T08:54:00","date_gmt":"2022-08-07T13:54:00","guid":{"rendered":"http:\/\/www.zonaroja.com.mx\/?p=44344"},"modified":"2022-08-07T06:15:25","modified_gmt":"2022-08-07T11:15:25","slug":"pueblos-de-la-mixteca-sierra-sur-y-canada-advierten-bloqueos-carreteros","status":"publish","type":"post","link":"https:\/\/zonaroja.com.mx\/?p=44344","title":{"rendered":"Pueblos de la Mixteca, Sierra Sur y Ca\u00f1ada advierten bloqueos carreteros"},"content":{"rendered":"\n<p>Redacci\u00f3n\/Zona Roja.<\/p>\n\n\n\n<p>Oaxaca de Ju\u00e1rez, Oax., 7 de agosto de 2022.- Al menos unas 63 comunidades pertenecientes a la organizaci\u00f3n de Uni\u00f3n de Pueblos Originarios (UPO), se preparan para realizar diversos bloqueos en las carreteras Oaxaca-Nochixtl\u00e1n, el crucero del aeropuerto de la ciudad de Oaxaca y en la entrada de Tomell\u00edn, en la regi\u00f3n de la Ca\u00f1ada.&nbsp;<\/p>\n\n\n\n<p>Los representantes de la UPO expusieron que se tratan de acciones pac\u00edficas, pero con la intenci\u00f3n de exigir a las autoridades estatales que cumplan con proyectos sociales entre los que se encuentran electrificaciones, construcci\u00f3n de carreteras y viviendas, obras que se encuentran plenamente validadas.&nbsp;<\/p>\n\n\n\n<p>Destacaron que en lo que respecta a la edificaci\u00f3n del puente Yucukuishi, suman m\u00e1s de ocho a\u00f1os de haberse aprobado este proyecto, pero los avances son muy m\u00ednimos, por lo cual, exigieron al gobernador Alejandro Murat Hinojosa, cumplir sus compromisos antes de dejar el gobierno estatal y emprender sus aspiraciones presidenciales.&nbsp;<\/p>\n\n\n\n<p>Entre algunas comunidades que participar\u00e1n se encuentran Santiago Yosondua, San Mateo Yucutindoo, San Francisco Cahuacua, Nalcatepec, Santo Tom\u00e1s Ocotepec, entre otras que se manifestar\u00e1n en carreteras de Oaxaca.&nbsp;<\/p>\n\n\n\n<p>Los adherentes de la UPO expresaron que se tratan de demandas justas, que no han sido atendidas por a\u00f1os, por lo que pidieron a la ciudadan\u00eda su apoyo, ya que se trata de beneficiar a ind\u00edgenas de la regi\u00f3n a trav\u00e9s de recursos que ya fueron destinados para estos trabajos.<\/p>\n","protected":false},"excerpt":{"rendered":"<p>Redacci\u00f3n\/Zona Roja. Oaxaca de Ju\u00e1rez, Oax., 7 de agosto de 2022.- Al menos unas 63&hellip;<\/p>\n","protected":false},"author":2,"featured_media":44345,"comment_status":"closed","ping_status":"open","sticky":false,"template":"","format":"standard","meta":{"_lmt_disableupdate":"","_lmt_disable":"","_jetpack_memberships_contains_paid_content":false,"footnotes":""},"categories":[109,47],"tags":[],"class_list":["post-44344","post","type-post","status-publish","format-standard","has-post-thumbnail","hentry","category-minuto-a-minuto","category-zona-gris"],"jetpack_featured_media_url":"https:\/\/zonaroja.com.mx\/wp-content\/uploads\/2022\/08\/Bloqueos-UPO-Oaxaca.jpg","jetpack_sharing_enabled":true,"_links":{"self":[{"href":"https:\/\/zonaroja.com.mx\/index.php?rest_route=\/wp\/v2\/posts\/44344","targetHints":{"allow":["GET"]}}],"collection":[{"href":"https:\/\/zonaroja.com.mx\/index.php?rest_route=\/wp\/v2\/posts"}],"about":[{"href":"https:\/\/zonaroja.com.mx\/index.php?rest_route=\/wp\/v2\/types\/post"}],"author":[{"embeddable":true,"href":"https:\/\/zonaroja.com.mx\/index.php?rest_route=\/wp\/v2\/users\/2"}],"replies":[{"embeddable":true,"href":"https:\/\/zonaroja.com.mx\/index.php?rest_route=%2Fwp%2Fv2%2Fcomments&post=44344"}],"version-history":[{"count":1,"href":"https:\/\/zonaroja.com.mx\/index.php?rest_route=\/wp\/v2\/posts\/44344\/revisions"}],"predecessor-version":[{"id":44346,"href":"https:\/\/zonaroja.com.mx\/index.php?rest_route=\/wp\/v2\/posts\/44344\/revisions\/44346"}],"wp:featuredmedia":[{"embeddable":true,"href":"https:\/\/zonaroja.com.mx\/index.php?rest_route=\/wp\/v2\/media\/44345"}],"wp:attachment":[{"href":"https:\/\/zonaroja.com.mx\/index.php?rest_route=%2Fwp%2Fv2%2Fmedia&parent=44344"}],"wp:term":[{"taxonomy":"category","embeddable":true,"href":"https:\/\/zonaroja.com.mx\/index.php?rest_route=%2Fwp%2Fv2%2Fcategories&post=44344"},{"taxonomy":"post_tag","embeddable":true,"href":"https:\/\/zonaroja.com.mx\/index.php?rest_route=%2Fwp%2Fv2%2Ftags&post=44344"}],"curies":[{"name":"wp","href":"https:\/\/api.w.org\/{rel}","templated":true}]}}