{"id":44355,"date":"2022-08-07T07:01:31","date_gmt":"2022-08-07T12:01:31","guid":{"rendered":"http:\/\/www.zonaroja.com.mx\/?p=44355"},"modified":"2022-08-07T07:14:13","modified_gmt":"2022-08-07T12:14:13","slug":"enesimo-asesinato-de-una-mujer-en-oaxaca-ahora-fue-en-tonameca","status":"publish","type":"post","link":"https:\/\/zonaroja.com.mx\/?p=44355","title":{"rendered":"En\u00e9simo asesinato de una mujer en Oaxaca; ahora fue en Tonameca"},"content":{"rendered":"\n<p>Ismael Garc\u00eda M.\/Zona Roja.<\/p>\n\n\n\n<p>Oaxaca de Ju\u00e1rez, Oax., 7 de agosto de 2022.- Un en\u00e9simo asesinato de una mujer ocurri\u00f3 en Oaxaca.<\/p>\n\n\n\n<p>Ahora fue en Santa Mar\u00eda Tonameca, Pochutla, donde una femenina fue ultimada a balazos, mientras transitaba en una camioneta de pasajeros a la comunidad de Uni\u00f3n Valdeflores.<\/p>\n\n\n\n<p>De acuerdo con reportes policiacos, alrededor de las 17:30 horas de ayer s\u00e1bado la unidad de motor del sitio \u201cUni\u00f3n Rivera del R\u00edo\u201d, con placas de circulaci\u00f3n 5RTP-157, fue interceptada por sujetos armados.<\/p>\n\n\n\n<p>De inmediato dispararon en contra de la femenina, identificada como Francisca M. J., de 57 a\u00f1os de edad, tras lo cual huyeron, sin agredir al chofer o robarle pertenencias o dinero.<\/p>\n\n\n\n<p>La v\u00edctima era originaria de la comunidad de San Mart\u00edn Valdeflores y fue identificada por su esposo, quien dijo a las autoridades ignorar las razones por la cual fue asesinada su pareja.<\/p>\n\n\n\n<p>La Vicefiscal\u00eda Regional de la Costa inici\u00f3 las indagatorias correspondientes para dar con el paradero de los delincuentes.<\/p>\n\n\n\n<p>OTRO CRIMEN<\/p>\n\n\n\n<p>Otro asesinato se registr\u00f3 ayer s\u00e1bado tambi\u00e9n en la regi\u00f3n de la Costa; fue en la carretera a la localidad de Magdalena, del municipio de Pluma Hidalgo, en que fue localizado un cuerpo con varios impactos de arma de fuego.<\/p>\n\n\n\n<p>A un costado se hall\u00f3 una motocicleta, en que se presume transitaba el hoy occiso, quien de manera preliminar fue identificado como Pedro H. H., originario de la localidad de La Erradura, perteneciente al municipio de Santa Mar\u00eda Huatulco.<\/p>\n","protected":false},"excerpt":{"rendered":"<p>Ismael Garc\u00eda M.\/Zona Roja. Oaxaca de Ju\u00e1rez, Oax., 7 de agosto de 2022.- Un en\u00e9simo&hellip;<\/p>\n","protected":false},"author":2,"featured_media":44353,"comment_status":"closed","ping_status":"open","sticky":false,"template":"","format":"standard","meta":{"_lmt_disableupdate":"","_lmt_disable":"","_jetpack_memberships_contains_paid_content":false,"footnotes":""},"categories":[109,51],"tags":[645],"class_list":["post-44355","post","type-post","status-publish","format-standard","has-post-thumbnail","hentry","category-minuto-a-minuto","category-zona-roja","tag-santa-maria-tonameca"],"jetpack_featured_media_url":"https:\/\/zonaroja.com.mx\/wp-content\/uploads\/2022\/08\/Mujer-asesinada-Tonameca-Pochutla.jpg","jetpack_sharing_enabled":true,"_links":{"self":[{"href":"https:\/\/zonaroja.com.mx\/index.php?rest_route=\/wp\/v2\/posts\/44355","targetHints":{"allow":["GET"]}}],"collection":[{"href":"https:\/\/zonaroja.com.mx\/index.php?rest_route=\/wp\/v2\/posts"}],"about":[{"href":"https:\/\/zonaroja.com.mx\/index.php?rest_route=\/wp\/v2\/types\/post"}],"author":[{"embeddable":true,"href":"https:\/\/zonaroja.com.mx\/index.php?rest_route=\/wp\/v2\/users\/2"}],"replies":[{"embeddable":true,"href":"https:\/\/zonaroja.com.mx\/index.php?rest_route=%2Fwp%2Fv2%2Fcomments&post=44355"}],"version-history":[{"count":2,"href":"https:\/\/zonaroja.com.mx\/index.php?rest_route=\/wp\/v2\/posts\/44355\/revisions"}],"predecessor-version":[{"id":44358,"href":"https:\/\/zonaroja.com.mx\/index.php?rest_route=\/wp\/v2\/posts\/44355\/revisions\/44358"}],"wp:featuredmedia":[{"embeddable":true,"href":"https:\/\/zonaroja.com.mx\/index.php?rest_route=\/wp\/v2\/media\/44353"}],"wp:attachment":[{"href":"https:\/\/zonaroja.com.mx\/index.php?rest_route=%2Fwp%2Fv2%2Fmedia&parent=44355"}],"wp:term":[{"taxonomy":"category","embeddable":true,"href":"https:\/\/zonaroja.com.mx\/index.php?rest_route=%2Fwp%2Fv2%2Fcategories&post=44355"},{"taxonomy":"post_tag","embeddable":true,"href":"https:\/\/zonaroja.com.mx\/index.php?rest_route=%2Fwp%2Fv2%2Ftags&post=44355"}],"curies":[{"name":"wp","href":"https:\/\/api.w.org\/{rel}","templated":true}]}}