{"id":4436,"date":"2019-09-30T19:05:36","date_gmt":"2019-10-01T00:05:36","guid":{"rendered":"http:\/\/www.zonaroja.com.mx\/?p=4436"},"modified":"2019-09-30T19:05:39","modified_gmt":"2019-10-01T00:05:39","slug":"diputada-de-morena-magaly-lopez-preside-diputacion-permanente","status":"publish","type":"post","link":"https:\/\/zonaroja.com.mx\/?p=4436","title":{"rendered":"Diputada de Morena, Magaly L\u00f3pez, preside Diputaci\u00f3n Permanente"},"content":{"rendered":"\n<p>Ismael Garc\u00eda M.\/Zona Roja.<\/p>\n\n\n\n<p>Oaxaca de Ju\u00e1rez, Oax., 30 de septiembre\nde 2019.- El pleno de la 64 Legislatura de Oaxaca eligi\u00f3 hoy a la Diputaci\u00f3n\nPermanente, tras decretar la finalizaci\u00f3n del segundo periodo ordinario del\nprimer a\u00f1o de ejercicio legal.<\/p>\n\n\n\n<p>Con 33 votos, fueron designados como presidenta, la diputada por el Partido Morena, Magaly L\u00f3pez Hern\u00e1ndez, actual titular de la Comisi\u00f3n Permanente de Derechos Humanos.<\/p>\n\n\n\n<figure class=\"wp-block-embed-twitter wp-block-embed is-type-rich is-provider-twitter\"><div class=\"wp-block-embed__wrapper\">\n<div class=\"twitter-tweet\"><blockquote class=\"twitter-tweet\" data-lang=\"es\"><p lang=\"es\" dir=\"ltr\">En sesi\u00f3n extraordinaria, el pleno del <a href=\"https:\/\/twitter.com\/CongresoOaxLXIV?ref_src=twsrc%5Etfw\">@CongresoOaxLXIV<\/a> eligi\u00f3 hoy a los integrantes de la Diputaci\u00f3n Permanente para el pr\u00f3ximo periodo de receso. Con 33 votos, como presidenta fue electa la diputada <a href=\"https:\/\/twitter.com\/Magaly_LopezOax?ref_src=twsrc%5Etfw\">@Magaly_LopezOax<\/a>, del Partido Morena. <a href=\"https:\/\/t.co\/kbo0CdkP2E\">pic.twitter.com\/kbo0CdkP2E<\/a><\/p>&mdash; Zona Roja Oaxaca (@MexRoja) <a href=\"https:\/\/twitter.com\/MexRoja\/status\/1178737543229198336?ref_src=twsrc%5Etfw\">30 de septiembre de 2019<\/a><\/blockquote><\/div>\n<\/div><\/figure>\n\n\n\n<p>En tanto, Timoteo V\u00e1zquez Cruz (Morena) como\nVicepresidente y Magda Isabel Rend\u00f3n Tirado (PRI), Karina Espino Carmona (Morena)\ny Elim Antonio Aquino (Independiente) como secretarias.<\/p>\n\n\n\n<p>La diputada Yarith Tannos Cruz (PRI) y\nsu hom\u00f3logo Sa\u00fal Cruz Jim\u00e9nez (PT) fueron designados suplentes.<\/p>\n\n\n\n<p>La Diputaci\u00f3n Permanente fue instalada este lunes 30 de septiembre y estar\u00e1 en funciones hasta el inicio del segundo a\u00f1o de ejercicio legal de la 64 Legislatura local.<\/p>\n\n\n\n<figure class=\"wp-block-embed-twitter wp-block-embed is-type-rich is-provider-twitter\"><div class=\"wp-block-embed__wrapper\">\n<div class=\"twitter-tweet\"><blockquote class=\"twitter-tweet\" data-lang=\"es\"><p lang=\"es\" dir=\"ltr\">Tras la designaci\u00f3n del pleno del <a href=\"https:\/\/twitter.com\/CongresoOaxLXIV?ref_src=twsrc%5Etfw\">@CongresoOaxLXIV<\/a>, fue declarada la instalaci\u00f3n de la Diputaci\u00f3n Permanente, con <a href=\"https:\/\/twitter.com\/Magaly_LopezOax?ref_src=twsrc%5Etfw\">@Magaly_LopezOax<\/a> como presidenta. <a href=\"https:\/\/t.co\/PeXgzplPeD\">pic.twitter.com\/PeXgzplPeD<\/a><\/p>&mdash; Zona Roja Oaxaca (@MexRoja) <a href=\"https:\/\/twitter.com\/MexRoja\/status\/1178744515374583811?ref_src=twsrc%5Etfw\">30 de septiembre de 2019<\/a><\/blockquote><\/div>\n<\/div><\/figure>\n\n\n\n<p>Dicho \u00f3rgano deliberativo funciona\ndurante los periodos de recesos y celebra sus sesiones ordinarias, cuando menos\nuna vez por semana el d\u00eda que sus miembros lo acuerden, adem\u00e1s podr\u00e1n tener\nsesiones extraordinarias cuando lo estime pertinente su presidencia.<\/p>\n\n\n\n<p>Tras asumir el cargo, la Diputaci\u00f3n\nPermanente convoc\u00f3 a su sesi\u00f3n ordinaria para este mi\u00e9rcoles.<\/p>\n","protected":false},"excerpt":{"rendered":"<p>Ismael Garc\u00eda M.\/Zona Roja. Oaxaca de Ju\u00e1rez, Oax., 30 de septiembre de 2019.- El pleno&hellip;<\/p>\n","protected":false},"author":2,"featured_media":4437,"comment_status":"closed","ping_status":"open","sticky":false,"template":"","format":"standard","meta":{"_lmt_disableupdate":"","_lmt_disable":"","_jetpack_memberships_contains_paid_content":false,"footnotes":""},"categories":[109,46],"tags":[213,793],"class_list":["post-4436","post","type-post","status-publish","format-standard","has-post-thumbnail","hentry","category-minuto-a-minuto","category-zona-blanca","tag-64-legislatura-de-oaxaca","tag-magaly-lopez-dominguez"],"jetpack_featured_media_url":"https:\/\/zonaroja.com.mx\/wp-content\/uploads\/2019\/09\/91fb8714-8677-44a3-8b48-a245584f9004.jpg","jetpack_sharing_enabled":true,"_links":{"self":[{"href":"https:\/\/zonaroja.com.mx\/index.php?rest_route=\/wp\/v2\/posts\/4436","targetHints":{"allow":["GET"]}}],"collection":[{"href":"https:\/\/zonaroja.com.mx\/index.php?rest_route=\/wp\/v2\/posts"}],"about":[{"href":"https:\/\/zonaroja.com.mx\/index.php?rest_route=\/wp\/v2\/types\/post"}],"author":[{"embeddable":true,"href":"https:\/\/zonaroja.com.mx\/index.php?rest_route=\/wp\/v2\/users\/2"}],"replies":[{"embeddable":true,"href":"https:\/\/zonaroja.com.mx\/index.php?rest_route=%2Fwp%2Fv2%2Fcomments&post=4436"}],"version-history":[{"count":1,"href":"https:\/\/zonaroja.com.mx\/index.php?rest_route=\/wp\/v2\/posts\/4436\/revisions"}],"predecessor-version":[{"id":4438,"href":"https:\/\/zonaroja.com.mx\/index.php?rest_route=\/wp\/v2\/posts\/4436\/revisions\/4438"}],"wp:featuredmedia":[{"embeddable":true,"href":"https:\/\/zonaroja.com.mx\/index.php?rest_route=\/wp\/v2\/media\/4437"}],"wp:attachment":[{"href":"https:\/\/zonaroja.com.mx\/index.php?rest_route=%2Fwp%2Fv2%2Fmedia&parent=4436"}],"wp:term":[{"taxonomy":"category","embeddable":true,"href":"https:\/\/zonaroja.com.mx\/index.php?rest_route=%2Fwp%2Fv2%2Fcategories&post=4436"},{"taxonomy":"post_tag","embeddable":true,"href":"https:\/\/zonaroja.com.mx\/index.php?rest_route=%2Fwp%2Fv2%2Ftags&post=4436"}],"curies":[{"name":"wp","href":"https:\/\/api.w.org\/{rel}","templated":true}]}}