{"id":44362,"date":"2022-08-07T08:18:49","date_gmt":"2022-08-07T13:18:49","guid":{"rendered":"http:\/\/www.zonaroja.com.mx\/?p=44362"},"modified":"2022-08-07T08:18:51","modified_gmt":"2022-08-07T13:18:51","slug":"victimas-de-feminicidio-critican-acoso-de-policias-de-la-ciudad-de-oaxaca","status":"publish","type":"post","link":"https:\/\/zonaroja.com.mx\/?p=44362","title":{"rendered":"V\u00edctimas de feminicidio critican acoso de polic\u00edas de la ciudad de Oaxaca"},"content":{"rendered":"\n<p>Ismael Garc\u00eda M.\/Zona Roja.<\/p>\n\n\n\n<p>Oaxaca de Ju\u00e1rez, Oax., 7 de agosto de 2022.- En lugar de acosar a las mujeres, los cuerpos policiacos de Oaxaca de Ju\u00e1rez deber\u00edan vigilar que no haya m\u00e1s asesinatos de mujeres y de personas en general, denunciaron familiares v\u00edctimas de feminicidios.<\/p>\n\n\n\n<p>Ayer s\u00e1bado en el parque Ju\u00e1rez, \u201cEl Llano\u201d, instalaron un \u201cmercadita\u201d, espacio de tianguis para expender diversos productos a fin de allegarse de recursos a fin de sufragar gastos de los procesos de justicia.<\/p>\n\n\n\n<p>Sin embargo, al sitio arribaron polic\u00edas municipales e inspectores del ayuntamiento, a fin de intimidar a las asistentes.<\/p>\n\n\n\n<p>\u201cEs impresionante que Oaxaca sea parte que de estos \u00edndices que hacen que haya 10 feminicidios diarios en M\u00e9xicoM diez familias que sufren todo tipo de violencia, que comienzan a hacer afectados violencias de todo tipo.<\/p>\n\n\n\n<p>\u201cPero los cuerpos policiacos vienen a intimidarnos, a reprimir, amenazar y a intimidad a quienes estamos protestamos\u201d.<\/p>\n\n\n\n<figure class=\"wp-block-embed is-type-rich is-provider-twitter wp-block-embed-twitter\"><div class=\"wp-block-embed__wrapper\">\n<div class=\"twitter-tweet\"><blockquote class=\"twitter-tweet\" data-lang=\"es\"><p lang=\"es\" dir=\"ltr\">A fin de protestar contra la violencia y los feminicidios, este s\u00e1bado un grupo de mujeres instal\u00f3 una Mercadita Protesta Por Nuestras Compa\u00f1eras Asesinadas y Sobrevivientes de Feminicidio, en el parque \u201cEl Llano\u201d de la ciudad de Oaxaca. <a href=\"https:\/\/t.co\/vSwdWjOv4E\">pic.twitter.com\/vSwdWjOv4E<\/a><\/p>&mdash; Zona Roja Oaxaca (@ZonaRoja_Oaxaca) <a href=\"https:\/\/twitter.com\/ZonaRoja_Oaxaca\/status\/1556092132703731712?ref_src=twsrc%5Etfw\">7 de agosto de 2022<\/a><\/blockquote><\/div>\n<\/div><\/figure>\n\n\n\n<p>\u201cQue as\u00ed como van a tener sus cuerpos policiacos ac\u00e1, as\u00ed act\u00faen cuando justo las estad\u00edsticas destacan que hay m\u00e1s violencias, m\u00e1s feminicidios; ellos podr\u00edan estar atendiendo el mont\u00f3n de robos, asaltos a mano armado, asesinatos, inseguridad que hay\u201d, dijo Lima, familiar de una v\u00edctima de feminicidio.<\/p>\n\n\n\n<p>En entrevista en el marco del \u201cmercadita\u201d, reproch\u00f3 que destine tambi\u00e9n impresionante cantidad de recursos econ\u00f3micos para las fiestas de al Guelaguetza, mientras que a las instancias de g\u00e9nero se les escatima o no se les da presupuesto.<\/p>\n\n\n\n<p>\u201cAcab\u00f3 la Guelaguetza y qu\u00e9 sucede, hay una crisis de basura impresionante y si no nos organizamos, si no nos apropiamos de los espacios p\u00fablicos para que atiendan nuestras demandas, pues qu\u00e9 va a pasar; que los cuerpos policiacos los utilicen para lo que es\u201d, dijo.<\/p>\n","protected":false},"excerpt":{"rendered":"<p>Ismael Garc\u00eda M.\/Zona Roja. Oaxaca de Ju\u00e1rez, Oax., 7 de agosto de 2022.- En lugar&hellip;<\/p>\n","protected":false},"author":2,"featured_media":44352,"comment_status":"closed","ping_status":"open","sticky":false,"template":"","format":"standard","meta":{"_lmt_disableupdate":"","_lmt_disable":"","_jetpack_memberships_contains_paid_content":false,"footnotes":""},"categories":[109,47],"tags":[],"class_list":["post-44362","post","type-post","status-publish","format-standard","has-post-thumbnail","hentry","category-minuto-a-minuto","category-zona-gris"],"jetpack_featured_media_url":"https:\/\/zonaroja.com.mx\/wp-content\/uploads\/2022\/08\/Mercadita-El-Llano-ciudad-de-Oaxaca.jpg","jetpack_sharing_enabled":true,"_links":{"self":[{"href":"https:\/\/zonaroja.com.mx\/index.php?rest_route=\/wp\/v2\/posts\/44362","targetHints":{"allow":["GET"]}}],"collection":[{"href":"https:\/\/zonaroja.com.mx\/index.php?rest_route=\/wp\/v2\/posts"}],"about":[{"href":"https:\/\/zonaroja.com.mx\/index.php?rest_route=\/wp\/v2\/types\/post"}],"author":[{"embeddable":true,"href":"https:\/\/zonaroja.com.mx\/index.php?rest_route=\/wp\/v2\/users\/2"}],"replies":[{"embeddable":true,"href":"https:\/\/zonaroja.com.mx\/index.php?rest_route=%2Fwp%2Fv2%2Fcomments&post=44362"}],"version-history":[{"count":1,"href":"https:\/\/zonaroja.com.mx\/index.php?rest_route=\/wp\/v2\/posts\/44362\/revisions"}],"predecessor-version":[{"id":44363,"href":"https:\/\/zonaroja.com.mx\/index.php?rest_route=\/wp\/v2\/posts\/44362\/revisions\/44363"}],"wp:featuredmedia":[{"embeddable":true,"href":"https:\/\/zonaroja.com.mx\/index.php?rest_route=\/wp\/v2\/media\/44352"}],"wp:attachment":[{"href":"https:\/\/zonaroja.com.mx\/index.php?rest_route=%2Fwp%2Fv2%2Fmedia&parent=44362"}],"wp:term":[{"taxonomy":"category","embeddable":true,"href":"https:\/\/zonaroja.com.mx\/index.php?rest_route=%2Fwp%2Fv2%2Fcategories&post=44362"},{"taxonomy":"post_tag","embeddable":true,"href":"https:\/\/zonaroja.com.mx\/index.php?rest_route=%2Fwp%2Fv2%2Ftags&post=44362"}],"curies":[{"name":"wp","href":"https:\/\/api.w.org\/{rel}","templated":true}]}}