{"id":44370,"date":"2022-08-07T20:40:43","date_gmt":"2022-08-08T01:40:43","guid":{"rendered":"http:\/\/www.zonaroja.com.mx\/?p=44370"},"modified":"2022-08-07T20:40:45","modified_gmt":"2022-08-08T01:40:45","slug":"mujeres-a-la-batuta-en-reconocimiento-a-su-labor-y-talento-dirigen-banda-de-musica","status":"publish","type":"post","link":"https:\/\/zonaroja.com.mx\/?p=44370","title":{"rendered":"\u00a1Mujeres a la batuta! En reconocimiento a su labor y talento, dirigen Banda de M\u00fasica"},"content":{"rendered":"\n<p>Ismael Garc\u00eda M.\/Zona Roja.<\/p>\n\n\n\n<p>Oaxaca de Ju\u00e1rez, Oax., 7 de agosto de 2022.- En reconocimiento a su talento y trabajo profesional, 13 de mujeres dirigieron hoy como invitada la Banda de M\u00fasica del Estado de Oaxaca.<\/p>\n\n\n\n<p>Ello tras concluir en el curso de direcci\u00f3n \u201cMujeres para mujeres\u201d, organizado por la Secretar\u00eda de las Culturas y Artes estatal.<\/p>\n\n\n\n<p>Fue impartido durante una semana por Sandy Kessler Keller, secretaria de Cultura de la ciudad de Quer\u00e9taro, y por la capit\u00e1n de Fragata Irene Cabrera S\u00e1nchez, de la Ciudad de M\u00e9xico, e integrante de la Marina Armada de M\u00e9xico.<\/p>\n\n\n\n<p>La Alameda de Le\u00f3n de la capital oaxaque\u00f1a se llen\u00f3 de m\u00fasica con batutas de talentos femeninos, como la maestra Lili Urbierta Morales, que dirigi\u00f3 \u201cVerde Antequera\u201d; Sara\u00ed Ruiz Dur\u00e1n, con \u201cObertura festiva\u201d y Dania Gabriela Ruiz Mart\u00ednez, con \u00abSteve Wonder en concierto\u00bb.<\/p>\n\n\n\n<p>Tomaron parte adem\u00e1s en la direcci\u00f3n de la Banda de M\u00fasica del Estado, Keren de la Rosa Pel\u00e1ez, estudiante de la licenciatura en la Escuela de Bellas Artes de la UABJO y una de las m\u00e1s j\u00f3venes, reci\u00e9n integrada a la agrupaci\u00f3n estatal que hoy dirigi\u00f3.<\/p>\n\n\n\n<p>Entre otras de 13 femeninas, dirigieron una pieza Julieta Lavariega L\u00f3pez, Alejandra Concepci\u00f3n Allende Jim\u00e9nez, Laura Villafa\u00f1e Caballero, G\u00e9nesis Lorenzo Mart\u00ednez, Maribel S\u00e1nchez Garc\u00eda, Ada\u00ed S\u00e1nchez Cruz, Yulisa L\u00f3pez V\u00e1squez y Ana Paula Guti\u00e9rrez.<\/p>\n\n\n\n<p>De acuerdo con una de las instructora, Irene Cabrera, la iniciativa surgi\u00f3 a partir de una serie de programas musicales en el Canal 11, donde se observ\u00f3 que hay muchas mujeres dedicadas a la m\u00fasica que tienen iniciativas por dirigir una agrupaci\u00f3n.<\/p>\n\n\n\n<p>\u201cSe les est\u00e1n dando las herramientas para impulsar m\u00e1s esta actividad\u201d, dijo la elemento de la Marina.<\/p>\n\n\n\n<p>Por su parte, el director decano de la Banda de M\u00fasica, Eliseo Mart\u00ednez Garc\u00eda, destac\u00f3 que por primera vez una mujer est\u00e9 dirigiendo esta agrupaci\u00f3n dependiente del Gobierno del Estado, lo cual habla de la apertura de la instituci\u00f3n musical hacia ellas.<\/p>\n\n\n\n<figure class=\"wp-block-embed is-type-rich is-provider-twitter wp-block-embed-twitter\"><div class=\"wp-block-embed__wrapper\">\n<div class=\"twitter-tweet\"><blockquote class=\"twitter-tweet\" data-lang=\"es\"><p lang=\"es\" dir=\"ltr\">\ud83d\udc4f\ud83d\udc4f\ud83d\udc4f\ud83d\udc4f\ud83d\udc4f<br>Ella es Keren de la Rosa Pel\u00e1ez, una de las m\u00e1s jovencitas que hoy dirigi\u00f3 como invitada a la Banda de M\u00fasica del Estado de <a href=\"https:\/\/twitter.com\/hashtag\/Oaxaca?src=hash&amp;ref_src=twsrc%5Etfw\">#Oaxaca<\/a>, del cual forma parte desde marzo. <br>Curs\u00f3 tambi\u00e9n el taller \u201cMujeres para mujeres\u201d, que finaliz\u00f3 hoy con esta direcci\u00f3n: <a href=\"https:\/\/t.co\/PxShd5n4K2\">pic.twitter.com\/PxShd5n4K2<\/a><\/p>&mdash; Zona Roja Oaxaca (@ZonaRoja_Oaxaca) <a href=\"https:\/\/twitter.com\/ZonaRoja_Oaxaca\/status\/1556443258653356032?ref_src=twsrc%5Etfw\">8 de agosto de 2022<\/a><\/blockquote><\/div>\n<\/div><\/figure>\n","protected":false},"excerpt":{"rendered":"<p>Ismael Garc\u00eda M.\/Zona Roja. Oaxaca de Ju\u00e1rez, Oax., 7 de agosto de 2022.- En reconocimiento&hellip;<\/p>\n","protected":false},"author":2,"featured_media":44371,"comment_status":"closed","ping_status":"open","sticky":false,"template":"","format":"standard","meta":{"_lmt_disableupdate":"","_lmt_disable":"","_jetpack_memberships_contains_paid_content":false,"footnotes":""},"categories":[109,46],"tags":[3222],"class_list":["post-44370","post","type-post","status-publish","format-standard","has-post-thumbnail","hentry","category-minuto-a-minuto","category-zona-blanca","tag-banda-de-musica-del-estado-de-oaxaca"],"jetpack_featured_media_url":"https:\/\/zonaroja.com.mx\/wp-content\/uploads\/2022\/08\/Mujeres-dirigen-Banda-de-Musica-del-Estado-Oaxaca.jpg","jetpack_sharing_enabled":true,"_links":{"self":[{"href":"https:\/\/zonaroja.com.mx\/index.php?rest_route=\/wp\/v2\/posts\/44370","targetHints":{"allow":["GET"]}}],"collection":[{"href":"https:\/\/zonaroja.com.mx\/index.php?rest_route=\/wp\/v2\/posts"}],"about":[{"href":"https:\/\/zonaroja.com.mx\/index.php?rest_route=\/wp\/v2\/types\/post"}],"author":[{"embeddable":true,"href":"https:\/\/zonaroja.com.mx\/index.php?rest_route=\/wp\/v2\/users\/2"}],"replies":[{"embeddable":true,"href":"https:\/\/zonaroja.com.mx\/index.php?rest_route=%2Fwp%2Fv2%2Fcomments&post=44370"}],"version-history":[{"count":1,"href":"https:\/\/zonaroja.com.mx\/index.php?rest_route=\/wp\/v2\/posts\/44370\/revisions"}],"predecessor-version":[{"id":44372,"href":"https:\/\/zonaroja.com.mx\/index.php?rest_route=\/wp\/v2\/posts\/44370\/revisions\/44372"}],"wp:featuredmedia":[{"embeddable":true,"href":"https:\/\/zonaroja.com.mx\/index.php?rest_route=\/wp\/v2\/media\/44371"}],"wp:attachment":[{"href":"https:\/\/zonaroja.com.mx\/index.php?rest_route=%2Fwp%2Fv2%2Fmedia&parent=44370"}],"wp:term":[{"taxonomy":"category","embeddable":true,"href":"https:\/\/zonaroja.com.mx\/index.php?rest_route=%2Fwp%2Fv2%2Fcategories&post=44370"},{"taxonomy":"post_tag","embeddable":true,"href":"https:\/\/zonaroja.com.mx\/index.php?rest_route=%2Fwp%2Fv2%2Ftags&post=44370"}],"curies":[{"name":"wp","href":"https:\/\/api.w.org\/{rel}","templated":true}]}}