{"id":44373,"date":"2022-08-08T06:42:37","date_gmt":"2022-08-08T11:42:37","guid":{"rendered":"http:\/\/www.zonaroja.com.mx\/?p=44373"},"modified":"2022-08-08T06:42:40","modified_gmt":"2022-08-08T11:42:40","slug":"en-ultima-semana-oaxaca-registro-409-contagios-y-2-decesos-cada-dia","status":"publish","type":"post","link":"https:\/\/zonaroja.com.mx\/?p=44373","title":{"rendered":"En \u00faltima semana, Oaxaca registr\u00f3 409 contagios y 2 decesos cada d\u00eda"},"content":{"rendered":"\n<p>Redacci\u00f3n\/Zona Roja.<\/p>\n\n\n\n<p>Oaxaca de Ju\u00e1rez, Oax., a 8 de agosto de 2022.- Los Servicios de Salud de Oaxaca (SSO) dieron a conocer que en la semana del 31 de julio al 6 de agosto la entidad registr\u00f3 un acumulado de 142 mil 364 casos confirmados del virus SARS-CoV-2, de los cuales dos mil 863 se contabilizaron en estos \u00faltimos siete d\u00edas.<\/p>\n\n\n\n<p>En un comunicado, precis\u00f3 que el global de defunciones desde el inicio de la pandemia a la fecha es de 6 mil 285; en el lapso referido, ocurrieron 16 defunciones.<\/p>\n\n\n\n<p>Las anteriores cifras representan 409 personas enfermas por el coronavirus y dos fallecimientos cada d\u00eda.<\/p>\n\n\n\n<p>La dependencia hizo hincapi\u00e9 en la importancia que a partir de los cinco a\u00f1os en adelante las personas se vacunen contra el SARS-CoV-2, ya que el virus se mantiene a\u00fan activo en la entidad; sin embargo, las dosis son efectivas y seguras.<\/p>\n\n\n\n<p>Recalc\u00f3 que contin\u00faa abierto el registro de vacunaci\u00f3n contra Covid-19 en el link: mivacuna.salud.gob.mx para ni\u00f1as y ni\u00f1os de cinco a 11 a\u00f1os y adolescentes, as\u00ed como para personas mayores de 18 a\u00f1os que no han recibido refuerzo o a\u00fan no se han inmunizado.<\/p>\n\n\n\n<p>Asever\u00f3 que, es necesario seguir aplicando con disciplina y compromiso las medidas sanitarias vigentes, como el uso correcto del cubrebocas, lavado de manos frecuente con agua y jab\u00f3n o soluciones alcoholadas al 70%, mantener la sana distancia, as\u00ed como priorizar lugares abiertos y con buena ventilaci\u00f3n.<\/p>\n\n\n\n<figure class=\"wp-block-embed is-type-rich is-provider-twitter wp-block-embed-twitter\"><div class=\"wp-block-embed__wrapper\">\n<div class=\"twitter-tweet\"><blockquote class=\"twitter-tweet\" data-lang=\"es\"><p lang=\"es\" dir=\"ltr\"><a href=\"https:\/\/twitter.com\/hashtag\/%C3%9AltimoMinuto?src=hash&amp;ref_src=twsrc%5Etfw\">#\u00daltimoMinuto<\/a><br>Los casos de Covid-19 siguen altos en <a href=\"https:\/\/twitter.com\/hashtag\/Oaxaca?src=hash&amp;ref_src=twsrc%5Etfw\">#Oaxaca<\/a>; los Servicios de Salud reportaron 2 mil 863 contagios y 16 decesos en la \u00faltima semana.<br>Hay 3 mil 349 casos activos en 174 municipios y 8 nosocomios saturados; la ocupaci\u00f3n hospitalaria es de 23.8% en promedio. <a href=\"https:\/\/t.co\/XbLEVeqsOj\">pic.twitter.com\/XbLEVeqsOj<\/a><\/p>&mdash; Zona Roja Oaxaca (@ZonaRoja_Oaxaca) <a href=\"https:\/\/twitter.com\/ZonaRoja_Oaxaca\/status\/1556435507835330560?ref_src=twsrc%5Etfw\">8 de agosto de 2022<\/a><\/blockquote><\/div>\n<\/div><\/figure>\n","protected":false},"excerpt":{"rendered":"<p>Redacci\u00f3n\/Zona Roja. Oaxaca de Ju\u00e1rez, Oax., a 8 de agosto de 2022.- Los Servicios de&hellip;<\/p>\n","protected":false},"author":2,"featured_media":44374,"comment_status":"closed","ping_status":"open","sticky":false,"template":"","format":"standard","meta":{"_lmt_disableupdate":"","_lmt_disable":"","_jetpack_memberships_contains_paid_content":false,"footnotes":""},"categories":[109,47],"tags":[1512],"class_list":["post-44373","post","type-post","status-publish","format-standard","has-post-thumbnail","hentry","category-minuto-a-minuto","category-zona-gris","tag-coronavirus-oaxaca"],"jetpack_featured_media_url":"https:\/\/zonaroja.com.mx\/wp-content\/uploads\/2022\/08\/Gente-Covid-turistas-ciudad-de-Oaxaca-coronavirus.jpg","jetpack_sharing_enabled":true,"_links":{"self":[{"href":"https:\/\/zonaroja.com.mx\/index.php?rest_route=\/wp\/v2\/posts\/44373","targetHints":{"allow":["GET"]}}],"collection":[{"href":"https:\/\/zonaroja.com.mx\/index.php?rest_route=\/wp\/v2\/posts"}],"about":[{"href":"https:\/\/zonaroja.com.mx\/index.php?rest_route=\/wp\/v2\/types\/post"}],"author":[{"embeddable":true,"href":"https:\/\/zonaroja.com.mx\/index.php?rest_route=\/wp\/v2\/users\/2"}],"replies":[{"embeddable":true,"href":"https:\/\/zonaroja.com.mx\/index.php?rest_route=%2Fwp%2Fv2%2Fcomments&post=44373"}],"version-history":[{"count":1,"href":"https:\/\/zonaroja.com.mx\/index.php?rest_route=\/wp\/v2\/posts\/44373\/revisions"}],"predecessor-version":[{"id":44375,"href":"https:\/\/zonaroja.com.mx\/index.php?rest_route=\/wp\/v2\/posts\/44373\/revisions\/44375"}],"wp:featuredmedia":[{"embeddable":true,"href":"https:\/\/zonaroja.com.mx\/index.php?rest_route=\/wp\/v2\/media\/44374"}],"wp:attachment":[{"href":"https:\/\/zonaroja.com.mx\/index.php?rest_route=%2Fwp%2Fv2%2Fmedia&parent=44373"}],"wp:term":[{"taxonomy":"category","embeddable":true,"href":"https:\/\/zonaroja.com.mx\/index.php?rest_route=%2Fwp%2Fv2%2Fcategories&post=44373"},{"taxonomy":"post_tag","embeddable":true,"href":"https:\/\/zonaroja.com.mx\/index.php?rest_route=%2Fwp%2Fv2%2Ftags&post=44373"}],"curies":[{"name":"wp","href":"https:\/\/api.w.org\/{rel}","templated":true}]}}