{"id":44376,"date":"2022-08-08T07:53:45","date_gmt":"2022-08-08T12:53:45","guid":{"rendered":"http:\/\/www.zonaroja.com.mx\/?p=44376"},"modified":"2022-08-08T08:59:06","modified_gmt":"2022-08-08T13:59:06","slug":"guelaguetza-gasto-e-ingreso-millonaria-retando-al-covid","status":"publish","type":"post","link":"https:\/\/zonaroja.com.mx\/?p=44376","title":{"rendered":"Guelaguetza gasto e ingreso millonaria\u2026 retando al Covid"},"content":{"rendered":"\n<p>Ismael Garc\u00eda M.\/Zona Roja.<\/p>\n\n\n\n<p>Oaxaca de Ju\u00e1rez, Oax., 8 de agosto de 2022.- En Oaxaca la Guelaguetza es un negocio millonario, tanto en inversiones como en ingreso, aunque estos \u00faltimos se van a bolsillos de unos cuantos neoempresarios de la industria tur\u00edstica, principalmente del ramo hotelero y restaurantero.<\/p>\n\n\n\n<p>Pero fue, literalmente, retando al Covid-19, que no dio ni ha dado tregua y las fiestas se desarrollaron en plena quinta ola de Covid; la irresponsabilidad, seguramente -y lamentablemente- arrojar\u00e1 m\u00e1s casos de Covid y m\u00e1s decesos.<\/p>\n\n\n\n<p>\u00bfY ser\u00e1n sancionados los titulares de las secretar\u00edas de Turismo, Cultura, Econom\u00eda y Salud? Porque los tres primeros fueron los responsables de organizar actividades multitudinarias, sin cuidar la sana distancia y mucho menos el uso de cubreboca, mientras que la \u00faltima instancia actu\u00f3 con total negligencia para supervisar, y en su caso sancionar, a quienes ponen en riesgo la salud.<\/p>\n\n\n\n<p>Tan s\u00f3lo en la \u00faltima semana, del 31 de julio al 6 de agosto, la dependencia de salud report\u00f3 2 mil 863 contagios, es decir un promedio de 409 casos diarios; tambi\u00e9n, 16 decesos, un promedio de 2.2 defunciones cada d\u00eda.<\/p>\n\n\n\n<p>La ocupaci\u00f3n hospitalaria contin\u00faa en ascenso y en ese lapso fue de 23.8%; de un mes a la fecha, los nosocomios saturados aumentaron de tres a ocho.<\/p>\n\n\n\n<p>Una semana antes, la primera de la Guelaguetza, del 24 al 30 de julio, la autoridad sanitaria registr\u00f3 tres mil 385 contagios y 14 decesos; mientras que del 17 al 23 de julio fueron tres mil 360 contagios y 12 defunciones.<\/p>\n\n\n\n<p>GUELAGUETZA ESCANDALOSA<\/p>\n\n\n\n<p>Tan cuantiosa fue la inversi\u00f3n que se hizo de la Guelaguetza, que hasta la Quinta Avenida de Nueva York apareci\u00f3 una publicidad, que cuesta miles de d\u00f3lares.<\/p>\n\n\n\n<p>Tan cuantiosa que ma\u00f1ana, tarde y noche hubo detalles y entrevistas a modo en programas \u201cinformativos\u201d nacionales, e incluso se trajo a toda la producci\u00f3n de \u201cHoy\u201d, de Televisa, que se apropi\u00f3 durante dos d\u00edas de un espacio hist\u00f3rico.<\/p>\n\n\n\n<p>No obstante, esos pagos a medios \u201cnacionales\u201d permanecen en la absoluta opacidad.<\/p>\n\n\n\n<p>El resultado, seg\u00fan la Secretar\u00eda de Turismo, m\u00e1s de mil millones de pesos de derrama tur\u00edstica, en los destinos Oaxaca de Ju\u00e1rez, Puerto Escondido y Huatulco que, como ya dijimos, fue para los grandes inversionistas, ajenos a la entidad.<\/p>\n\n\n\n<p>Pero, por cierto, Juan Carlos Rivera Castellanos jam\u00e1s precis\u00f3 y actu\u00f3 contra los fraudes y la reventa de boletos a cifras estratosf\u00e9ricas; tampoco por el relajo en el auditorio, adem\u00e1s de las protestas que incomodaron al mandatario estatal.<\/p>\n\n\n\n<p>Y seg\u00fan la Secretar\u00eda de Econom\u00eda, alrededor de 120 mil personas visitaron la Feria del Mezcal, no obstante Juan Pablo Guzm\u00e1n Cobi\u00e1n no habl\u00f3 de la cantina a cielo abierto, de las constantes ri\u00f1as, robos, montones de basura, veh\u00edculos da\u00f1ados y molestias a los vecinos que habitan en inmediaciones del Centro de Convenciones.<\/p>\n\n\n\n<p>Tampoco se habl\u00f3 que los \u00fanicos beneficiados de esta feria fueron los neoinversionistas mezcaleros, muchos de ellos extranjeros, que exhibieron y ofertaron sus productos, adem\u00e1s de ofrecerlos a raudales para embriagar a los asistentes, con las sabidas consecuencias.<\/p>\n\n\n\n<p>O la Secretar\u00eda de las Culturas, que organiz\u00f3 una docena de conciertos en el auditorio del cerro del Fort\u00edn, a\u00fan con enga\u00f1os al anunciar grupos que no hab\u00edan confirmado su asistencia.&nbsp;<\/p>\n\n\n\n<p>Por cierto, tampoco hubo una disculpa p\u00fablica de Karla Villaca\u00f1a y una explicaci\u00f3n de las razones de dejar fuera de la Guelaguetza a la regi\u00f3n Sierra Norte, de donde por cierto procede el gobernador electo Salom\u00f3n Jara Cruz.<\/p>\n\n\n\n<p>SALUD, TAPADERA<\/p>\n\n\n\n<p>De los Servicios de Salud de Oaxaca no se puede esperar mucho, pues su quinta titular, Virginia S\u00e1nchez Rios, est\u00e1 pr\u00e1cticamente s\u00f3lo como imagen, ya que los principales operadores de Juan Carlos M\u00e1rquez Heine contin\u00faan en la dependencia, haciendo esfuerzos extraordinarios para cuadrar las cifras de los desfalcos.<\/p>\n\n\n\n<p>Porque no se entiende que en la primera como en la segunda y la tercera ola de la pandemia, la instituci\u00f3n p\u00fablica dirig\u00eda sendos oficios a municipios y entidades p\u00fablicas para abstenerse de efectuar actos masivos; en cambio, en la cuarta y quinta sala, relaj\u00f3 totalmente las medidas.&nbsp;<\/p>\n\n\n\n<p>Incluso en las tres fases hubo pronunciamientos -s\u00f3lo eso- por parte del Congreso del Estado para evitar actos masivos.&nbsp;<\/p>\n\n\n\n<p>Por si fuera poco, los Servicios de Salud fueron c\u00f3mplices tambi\u00e9n de un restaurante donde resultaron intoxicados alrededor de 40 comensales, en pleno centro de la ciudad de Oaxaca.<\/p>\n\n\n\n<p>C\u00f3mplices porque los protegi\u00f3, pues en lugar de revelar el nombre, para que los visitantes no acudieran al sitio, mantuvo en secreto el hecho y s\u00f3lo orden\u00f3 el cierre temporal.<\/p>\n\n\n\n<p>La crisis en el sector salud, ante la ausencia de mando, se refleja en muchos aspectos, incluyendo el Hospital Civil \u201cDr. Aurelio Valdivieso\u201d, donde los sindicalizados lograron que se quitara a la directora, aunque las carencias e irregularidades sigan, como el cierre de un \u00e1rea por parte de la Cofepris, por no cumplir con los est\u00e1ndares.<\/p>\n\n\n\n<p>\u00bfQU\u00c9 SIGUE?<\/p>\n\n\n\n<p>No est\u00e1 mal, en absoluto, dar a conocer al mundo las bellezas naturales de Oaxaca, aunque esto no sea necesario, porque se venden por s\u00ed solas; por otro lado, por m\u00e1s que se promocione la Guelaguetza, no va a caber m\u00e1s gente en el auditorio y no hay d\u00f3nde meter a otras.&nbsp;<\/p>\n\n\n\n<p>Pero ya se deber\u00eda dejar de utilizar a ind\u00edgenas para promocionar una imagen p\u00fablica y para argumentar que Oaxaca es un estado con progreso y desarrollo, cuando en los hechos hay excesivos rezagos.<\/p>\n\n\n\n<p>Los feminicidios, la inseguridad e incremento de asesinatos, la pobreza latente, la nula obra p\u00fablica y la nula inversi\u00f3n estatal en municipios, la deuda p\u00fablica, son un poco de lo mucho de los pendientes en la entidad.<\/p>\n\n\n\n<p>No basta una fiesta de dos semanas para disfrazar al estado, porque la realidad es necia.&nbsp;<\/p>\n\n\n\n<p>El siguiente gobernador, Salom\u00f3n Jara, tiene el reto de evitar dispendios en la Guelaguetza; que se deje de explotar la imagen de los ind\u00edgenas y sus costumbres, sin que tengan un provecho real.&nbsp;<\/p>\n\n\n\n<p>Modificar los formatos de los Lunes del Cerro, de tal manera que la aut\u00e9ntica poblaci\u00f3n oaxaque\u00f1a pueda disfrutar de las fiestas y no las \u00e9lites que pueden pagar boletos car\u00edsimos, as\u00ed como incentivar adecuadamente a las delegaciones participantes, entre otras medidas.<\/p>\n\n\n\n<p>Por supuesto, acabar de una vez por todas el uso de las fiestas folcl\u00f3ricas para beneficio de una imagen personal y, si tiene voluntad y no hay acuerdos pol\u00edticos, indagar las m\u00faltiples irregularidades y favoritismos en estas festividades\u2026 y en muchos rubros m\u00e1s.<\/p>\n","protected":false},"excerpt":{"rendered":"<p>Ismael Garc\u00eda M.\/Zona Roja. Oaxaca de Ju\u00e1rez, Oax., 8 de agosto de 2022.- En Oaxaca&hellip;<\/p>\n","protected":false},"author":2,"featured_media":41735,"comment_status":"closed","ping_status":"open","sticky":false,"template":"","format":"standard","meta":{"_lmt_disableupdate":"","_lmt_disable":"","_jetpack_memberships_contains_paid_content":false,"footnotes":""},"categories":[456,109,48],"tags":[1353],"class_list":["post-44376","post","type-post","status-publish","format-standard","has-post-thumbnail","hentry","category-columna","category-minuto-a-minuto","category-zona-critica","tag-opinion-zona-critica"],"jetpack_featured_media_url":"https:\/\/zonaroja.com.mx\/wp-content\/uploads\/2022\/05\/Opinion-Ismael-Garcia-M.jpg","jetpack_sharing_enabled":true,"_links":{"self":[{"href":"https:\/\/zonaroja.com.mx\/index.php?rest_route=\/wp\/v2\/posts\/44376","targetHints":{"allow":["GET"]}}],"collection":[{"href":"https:\/\/zonaroja.com.mx\/index.php?rest_route=\/wp\/v2\/posts"}],"about":[{"href":"https:\/\/zonaroja.com.mx\/index.php?rest_route=\/wp\/v2\/types\/post"}],"author":[{"embeddable":true,"href":"https:\/\/zonaroja.com.mx\/index.php?rest_route=\/wp\/v2\/users\/2"}],"replies":[{"embeddable":true,"href":"https:\/\/zonaroja.com.mx\/index.php?rest_route=%2Fwp%2Fv2%2Fcomments&post=44376"}],"version-history":[{"count":3,"href":"https:\/\/zonaroja.com.mx\/index.php?rest_route=\/wp\/v2\/posts\/44376\/revisions"}],"predecessor-version":[{"id":44392,"href":"https:\/\/zonaroja.com.mx\/index.php?rest_route=\/wp\/v2\/posts\/44376\/revisions\/44392"}],"wp:featuredmedia":[{"embeddable":true,"href":"https:\/\/zonaroja.com.mx\/index.php?rest_route=\/wp\/v2\/media\/41735"}],"wp:attachment":[{"href":"https:\/\/zonaroja.com.mx\/index.php?rest_route=%2Fwp%2Fv2%2Fmedia&parent=44376"}],"wp:term":[{"taxonomy":"category","embeddable":true,"href":"https:\/\/zonaroja.com.mx\/index.php?rest_route=%2Fwp%2Fv2%2Fcategories&post=44376"},{"taxonomy":"post_tag","embeddable":true,"href":"https:\/\/zonaroja.com.mx\/index.php?rest_route=%2Fwp%2Fv2%2Ftags&post=44376"}],"curies":[{"name":"wp","href":"https:\/\/api.w.org\/{rel}","templated":true}]}}