{"id":44380,"date":"2022-08-08T08:35:59","date_gmt":"2022-08-08T13:35:59","guid":{"rendered":"http:\/\/www.zonaroja.com.mx\/?p=44380"},"modified":"2022-08-08T08:36:01","modified_gmt":"2022-08-08T13:36:01","slug":"domingo-fatal-seis-muertos-por-accidentes-carreteros","status":"publish","type":"post","link":"https:\/\/zonaroja.com.mx\/?p=44380","title":{"rendered":"Domingo fatal: seis muertos por accidentes carreteros"},"content":{"rendered":"\n<p>Ismael Garc\u00eda M.\/Zona Roja.<\/p>\n\n\n\n<p>Oaxaca de Ju\u00e1rez, Oax., 8 de agosto de 2022.- Al menos seis personas perdieron la vida en distintos accidentes carreteros ocurridos en Oaxaca durante ayer domingo.<\/p>\n\n\n\n<p>El percance m\u00e1s fuerte se registr\u00f3 ayer por la ma\u00f1ana en la supercarretera Oaxaca-Cuacnopalan, a la altura del kil\u00f3metro 194, cerca de la caseta de peaje, en que una camioneta particular se impact\u00f3 con una camioneta tipo Urvan de pasajeros.<\/p>\n\n\n\n<p>El saldo fue de cuatro personas fallecidas, identificadas como Julia H. M., Abel L\u00f3pez Gonz\u00e1lez, V\u00edctor Cruz L\u00f3pez y Francisco Delgado, la mayor\u00eda de ellos vecinos de San Pablo Huitzo; adem\u00e1s, hubo tres personas lesionadas.<\/p>\n\n\n\n<p>Tambi\u00e9n ayer por la ma\u00f1ana pero en la carretera federal 190, Oaxaca-M\u00e9xico, cerca de San Pablo, Etla, derraparon dos ocupantes de una motocicleta, uno de los cuales falleci\u00f3 y el otro fue trasladado a un hospital de la capital.<\/p>\n\n\n\n<p>Mientras que ayer por la tarde, en la carretera local que comunica a Santa Mar\u00eda Colotepec, en la regi\u00f3n Costa, dos ocupantes de un veh\u00edculo tipo Tsuru, marca Nissan, se impactaron contra una barda; en el sitio falleci\u00f3 el chofer, a\u00fan no identificado, y la mujer fue trasladada a un hospital.<\/p>\n\n\n\n<p>Entre otros varios accidentes, ayer por la ma\u00f1ana dos ocupantes de una motocicleta tuvieron un percance, en la carretera Oaxaca-Istmo, en jurisdicci\u00f3n de Santa Maria Ixcotel, Santa Luc\u00eda del Camino; los lesionados fueron atendidos en el lugar.<\/p>\n\n\n\n<p>En tanto, aunque en jurisdicci\u00f3n de Puebla, ayer por la madrugada un autob\u00fas en que viajaban oaxaque\u00f1os, se impact\u00f3 contra un tr\u00e1iler, lo que dej\u00f3 como saldo el chofer de la unidad de pasajeros de la l\u00ednea ADO perdi\u00f3 la vida y alrededor de 20 personas resultaron lesionadas.<\/p>\n","protected":false},"excerpt":{"rendered":"<p>Ismael Garc\u00eda M.\/Zona Roja. Oaxaca de Ju\u00e1rez, Oax., 8 de agosto de 2022.- Al menos&hellip;<\/p>\n","protected":false},"author":2,"featured_media":44381,"comment_status":"closed","ping_status":"open","sticky":false,"template":"","format":"standard","meta":{"_lmt_disableupdate":"","_lmt_disable":"","_jetpack_memberships_contains_paid_content":false,"footnotes":""},"categories":[109,51],"tags":[528],"class_list":["post-44380","post","type-post","status-publish","format-standard","has-post-thumbnail","hentry","category-minuto-a-minuto","category-zona-roja","tag-accidentes-de-transito"],"jetpack_featured_media_url":"https:\/\/zonaroja.com.mx\/wp-content\/uploads\/2022\/08\/Accidente-supercarretera-Huitzo.jpg","jetpack_sharing_enabled":true,"_links":{"self":[{"href":"https:\/\/zonaroja.com.mx\/index.php?rest_route=\/wp\/v2\/posts\/44380","targetHints":{"allow":["GET"]}}],"collection":[{"href":"https:\/\/zonaroja.com.mx\/index.php?rest_route=\/wp\/v2\/posts"}],"about":[{"href":"https:\/\/zonaroja.com.mx\/index.php?rest_route=\/wp\/v2\/types\/post"}],"author":[{"embeddable":true,"href":"https:\/\/zonaroja.com.mx\/index.php?rest_route=\/wp\/v2\/users\/2"}],"replies":[{"embeddable":true,"href":"https:\/\/zonaroja.com.mx\/index.php?rest_route=%2Fwp%2Fv2%2Fcomments&post=44380"}],"version-history":[{"count":1,"href":"https:\/\/zonaroja.com.mx\/index.php?rest_route=\/wp\/v2\/posts\/44380\/revisions"}],"predecessor-version":[{"id":44382,"href":"https:\/\/zonaroja.com.mx\/index.php?rest_route=\/wp\/v2\/posts\/44380\/revisions\/44382"}],"wp:featuredmedia":[{"embeddable":true,"href":"https:\/\/zonaroja.com.mx\/index.php?rest_route=\/wp\/v2\/media\/44381"}],"wp:attachment":[{"href":"https:\/\/zonaroja.com.mx\/index.php?rest_route=%2Fwp%2Fv2%2Fmedia&parent=44380"}],"wp:term":[{"taxonomy":"category","embeddable":true,"href":"https:\/\/zonaroja.com.mx\/index.php?rest_route=%2Fwp%2Fv2%2Fcategories&post=44380"},{"taxonomy":"post_tag","embeddable":true,"href":"https:\/\/zonaroja.com.mx\/index.php?rest_route=%2Fwp%2Fv2%2Ftags&post=44380"}],"curies":[{"name":"wp","href":"https:\/\/api.w.org\/{rel}","templated":true}]}}