{"id":44389,"date":"2022-08-08T08:57:56","date_gmt":"2022-08-08T13:57:56","guid":{"rendered":"http:\/\/www.zonaroja.com.mx\/?p=44389"},"modified":"2022-08-08T08:57:58","modified_gmt":"2022-08-08T13:57:58","slug":"ejecutan-a-balazos-a-tres-personas-en-oaxaca-una-fue-torturada","status":"publish","type":"post","link":"https:\/\/zonaroja.com.mx\/?p=44389","title":{"rendered":"Ejecutan a balazos a tres personas en Oaxaca; una fue torturada"},"content":{"rendered":"\n<p>Redacci\u00f3n\/Zona Roja.<\/p>\n\n\n\n<p>Oaxaca de Ju\u00e1rez, Oax., 8 de agosto de 2022.- Tres personas fueron ejecutadas a balazos en dos hechos distintos en Oaxaca, una de las cuales fue adem\u00e1s torturada.<\/p>\n\n\n\n<p>La madrugada de este lunes, en la calle Perla de la localidad de Santiaguito, perteneciente al municipio de San Lorenzo Cacaotepec, fueron asesinadas dos personas.<\/p>\n\n\n\n<p>Presuntamente se trata de dos trabajadores de la empresa Izzi que se hallaban dentro de una camioneta y los cuerpos a\u00fan no han sido identificados.<\/p>\n\n\n\n<p>Mientras que ayer por la ma\u00f1ana autoridades ministeriales confirmaron la localizaci\u00f3n de un cuerpo de un masculino, maniatado, con huellas de tortura y disparos de arma de fuego, en el municipio de Ejutla de Crespo.<\/p>\n\n\n\n<p>Lo hallaron a la altura del puente San Joaqu\u00edn; presuntamente habr\u00eda sido asesinado el s\u00e1bado 6 de agosto de este a\u00f1o; adem\u00e1s, le dejaron encima una cartulina con un supuesto \u201cnarcomensaje\u201d. Hasta el momento la v\u00edctima a\u00fan no ha sido identificada.<\/p>\n","protected":false},"excerpt":{"rendered":"<p>Redacci\u00f3n\/Zona Roja. Oaxaca de Ju\u00e1rez, Oax., 8 de agosto de 2022.- Tres personas fueron ejecutadas&hellip;<\/p>\n","protected":false},"author":2,"featured_media":44390,"comment_status":"closed","ping_status":"open","sticky":false,"template":"","format":"standard","meta":{"_lmt_disableupdate":"","_lmt_disable":"","_jetpack_memberships_contains_paid_content":false,"footnotes":""},"categories":[109,51],"tags":[702],"class_list":["post-44389","post","type-post","status-publish","format-standard","has-post-thumbnail","hentry","category-minuto-a-minuto","category-zona-roja","tag-ejutla-de-crespo"],"jetpack_featured_media_url":"https:\/\/zonaroja.com.mx\/wp-content\/uploads\/2022\/08\/Dos-asesinados-Santiaguito-Etla.jpg","jetpack_sharing_enabled":true,"_links":{"self":[{"href":"https:\/\/zonaroja.com.mx\/index.php?rest_route=\/wp\/v2\/posts\/44389","targetHints":{"allow":["GET"]}}],"collection":[{"href":"https:\/\/zonaroja.com.mx\/index.php?rest_route=\/wp\/v2\/posts"}],"about":[{"href":"https:\/\/zonaroja.com.mx\/index.php?rest_route=\/wp\/v2\/types\/post"}],"author":[{"embeddable":true,"href":"https:\/\/zonaroja.com.mx\/index.php?rest_route=\/wp\/v2\/users\/2"}],"replies":[{"embeddable":true,"href":"https:\/\/zonaroja.com.mx\/index.php?rest_route=%2Fwp%2Fv2%2Fcomments&post=44389"}],"version-history":[{"count":1,"href":"https:\/\/zonaroja.com.mx\/index.php?rest_route=\/wp\/v2\/posts\/44389\/revisions"}],"predecessor-version":[{"id":44391,"href":"https:\/\/zonaroja.com.mx\/index.php?rest_route=\/wp\/v2\/posts\/44389\/revisions\/44391"}],"wp:featuredmedia":[{"embeddable":true,"href":"https:\/\/zonaroja.com.mx\/index.php?rest_route=\/wp\/v2\/media\/44390"}],"wp:attachment":[{"href":"https:\/\/zonaroja.com.mx\/index.php?rest_route=%2Fwp%2Fv2%2Fmedia&parent=44389"}],"wp:term":[{"taxonomy":"category","embeddable":true,"href":"https:\/\/zonaroja.com.mx\/index.php?rest_route=%2Fwp%2Fv2%2Fcategories&post=44389"},{"taxonomy":"post_tag","embeddable":true,"href":"https:\/\/zonaroja.com.mx\/index.php?rest_route=%2Fwp%2Fv2%2Ftags&post=44389"}],"curies":[{"name":"wp","href":"https:\/\/api.w.org\/{rel}","templated":true}]}}